{"id":535660,"date":"2022-02-11T00:03:36","date_gmt":"2022-02-11T06:03:36","guid":{"rendered":"https:\/\/www.diarioimagen.net\/?p=535660"},"modified":"2022-02-11T04:27:11","modified_gmt":"2022-02-11T10:27:11","slug":"aplicaran-vacuna-de-refuerzo-contra-covid-a-personas-de-40-a-49-anos-en-huixquilucan","status":"publish","type":"post","link":"https:\/\/www.diarioimagen.net\/?p=535660","title":{"rendered":"Aplicar\u00e1n vacuna de refuerzo contra Covid a personas de 40 a 49 a\u00f1os en Huixquilucan"},"content":{"rendered":"<p>&nbsp;<\/p>\n<ul>\n<li><strong><em>En Universidad An\u00e1huac y complejo \u201cRosa M\u00edstica<\/em><\/strong><\/li>\n<\/ul>\n<p>&nbsp;<\/p>\n<div id=\"attachment_535759\" style=\"width: 470px\" class=\"wp-caption aligncenter\"><a href=\"https:\/\/www.diarioimagen.net\/?attachment_id=535759\" rel=\"attachment wp-att-535759\"><img loading=\"lazy\" decoding=\"async\" aria-describedby=\"caption-attachment-535759\" class=\"size-full wp-image-535759\" src=\"https:\/\/www.diarioimagen.net\/wp-content\/uploads\/2022\/02\/huixquilucan-8.jpg\" alt=\"\" width=\"460\" height=\"270\" \/><\/a><p id=\"caption-attachment-535759\" class=\"wp-caption-text\">En la sede de la Universidad An\u00e1huac se brindar\u00e1 atenci\u00f3n los d\u00edas 12 y 13 de febrero, mientras que, en el Complejo M\u00e9dico \u201cRosa M\u00edstica\u201d, se aplicar\u00e1n las dosis los d\u00edas 11, 12 y 13 de febrero.<\/p><\/div>\n<p>&nbsp;<\/p>\n<p><strong>Huixquilucan, Estado de M\u00e9xico.\u2014<\/strong> Del 11 al 13 de febrero se llevar\u00e1 a cabo la aplicaci\u00f3n de la tercera dosis de la vacuna contra Covid-19 a personas de 40 a 49 a\u00f1os, residentes del municipio; con esta inmunizaci\u00f3n, se refuerzan las acciones para seguir protegiendo la salud de todos huixquiluquenses.<\/p>\n<p>Como cada mi\u00e9rcoles, ahora, al visitar la colonia El Olivo para escuchar y atender las solicitudes de los vecinos, la presidenta municipal de Huixquilucan anunci\u00f3 que la dieciseisava jornada de vacunaci\u00f3n que se realizar\u00e1 en el territorio, se llevar\u00e1 a cabo en dos sedes y no en una como se dio a conocer inicialmente, con el objetivo de brindar mayor accesibilidad y comodidad a las personas de este sector de la poblaci\u00f3n que acudan a recibir su dosis de refuerzo.<\/p>\n<p>Detall\u00f3 que, en esta ocasi\u00f3n, en la sede de la Universidad An\u00e1huac se brindar\u00e1 atenci\u00f3n \u00fanicamente los d\u00edas 12 y 13 de febrero, mientras que, en el Complejo M\u00e9dico \u201cRosa M\u00edstica\u201d, se aplicar\u00e1n las dosis los d\u00edas 11, 12 y 13 de febrero, en un horario de 08:00 a 16:00 horas.<\/p>\n<p>Los m\u00f3dulos estar\u00e1n ubicados en:<\/p>\n<p>\u00ac Universidad An\u00e1huac: Avenida Universidad An\u00e1huac n\u00famero 46, colonia Lomas An\u00e1huac. M\u00f3dulo de atenci\u00f3n vehicular.<\/p>\n<p>\u00ac Complejo M\u00e9dico Municipal DIF \u201cRosa M\u00edstica\u201d: Carretera Huixquilucan-San Ram\u00f3n #66, San Juan Bautista, Quinto Cuartel.<\/p>\n<p>El gobierno municipal exhorta a los habitantes del municipio que se encuentran en este rango de edad a acudir a vacunarse, con el prop\u00f3sito de reforzar su esquema de vacunaci\u00f3n y estar m\u00e1s protegidos ante la permanencia del virus SARS-CoV-2, toda vez que la emergencia sanitaria a\u00fan contin\u00faa, por lo que ambas sedes contar\u00e1n con todos los protocolos sanitarios recomendados.<\/p>\n<p>Las personas que acudan a vacunarse deber\u00e1n presentar copia de la CURP actualizada, original y copia del INE, comprobante de domicilio, certificado de vacunaci\u00f3n y\/o comprobante de primera y segunda dosis aplicadas y selladas en Huixquilucan, adem\u00e1s de imprimir y llenar el formato de tercera dosis de refuerzo que podr\u00e1n obtener en el sitio\u00a0www.mivacuna.salud.gob.mx.<\/p>\n<p>En esta ocasi\u00f3n, se aplicar\u00e1 exclusivamente la tercera dosis de refuerzo a residentes del municipio de 40 a 49 a\u00f1os de edad, por lo que se invita a los rezagados de las primeras y segundas dosis a esperar el anuncio de nuevas jornadas de vacunaci\u00f3n dedicadas a ellos.<\/p>\n<p>El gobierno de Huixquilucan reitera el llamado para no bajar la guardia, a pesar de contar con el esquema completo de vacunaci\u00f3n, as\u00ed como a mantener las medidas preventivas, tal es el caso de guardar la sana distancia, usar correctamente el cubrebocas, evitar aglomeraciones, as\u00ed como el constante lavado de manos y uso de gel antibacterial, con el prop\u00f3sito de evitar nuevos contagios de Covid-19.<\/p>\n","protected":false},"excerpt":{"rendered":"<p>Del 11 al 13 de febrero se llevar\u00e1 a cabo la aplicaci\u00f3n de la tercera dosis de la vacuna contra Covid-19 a personas de 40 a 49 a\u00f1os, residentes del municipio; con esta inmunizaci\u00f3n, se refuerzan las acciones para seguir protegiendo la salud de todos huixquiluquenses.<\/p>\n","protected":false},"author":3,"featured_media":535759,"comment_status":"open","ping_status":"open","sticky":false,"template":"","format":"standard","meta":{"_monsterinsights_skip_tracking":false,"_monsterinsights_sitenote_active":false,"_monsterinsights_sitenote_note":"","_monsterinsights_sitenote_category":0,"footnotes":""},"categories":[5],"tags":[90021,43675,1097,93839],"class_list":["post-535660","post","type-post","status-publish","format-standard","has-post-thumbnail","hentry","category-estado-de-mexico","tag-covid-19","tag-estado-de-mexico","tag-huixquilucan","tag-refuerzo"],"_links":{"self":[{"href":"https:\/\/www.diarioimagen.net\/index.php?rest_route=\/wp\/v2\/posts\/535660","targetHints":{"allow":["GET"]}}],"collection":[{"href":"https:\/\/www.diarioimagen.net\/index.php?rest_route=\/wp\/v2\/posts"}],"about":[{"href":"https:\/\/www.diarioimagen.net\/index.php?rest_route=\/wp\/v2\/types\/post"}],"author":[{"embeddable":true,"href":"https:\/\/www.diarioimagen.net\/index.php?rest_route=\/wp\/v2\/users\/3"}],"replies":[{"embeddable":true,"href":"https:\/\/www.diarioimagen.net\/index.php?rest_route=%2Fwp%2Fv2%2Fcomments&post=535660"}],"version-history":[{"count":0,"href":"https:\/\/www.diarioimagen.net\/index.php?rest_route=\/wp\/v2\/posts\/535660\/revisions"}],"wp:featuredmedia":[{"embeddable":true,"href":"https:\/\/www.diarioimagen.net\/index.php?rest_route=\/wp\/v2\/media\/535759"}],"wp:attachment":[{"href":"https:\/\/www.diarioimagen.net\/index.php?rest_route=%2Fwp%2Fv2%2Fmedia&parent=535660"}],"wp:term":[{"taxonomy":"category","embeddable":true,"href":"https:\/\/www.diarioimagen.net\/index.php?rest_route=%2Fwp%2Fv2%2Fcategories&post=535660"},{"taxonomy":"post_tag","embeddable":true,"href":"https:\/\/www.diarioimagen.net\/index.php?rest_route=%2Fwp%2Fv2%2Ftags&post=535660"}],"curies":[{"name":"wp","href":"https:\/\/api.w.org\/{rel}","templated":true}]}}