{"id":535664,"date":"2022-02-11T00:01:39","date_gmt":"2022-02-11T06:01:39","guid":{"rendered":"https:\/\/www.diarioimagen.net\/?p=535664"},"modified":"2022-02-11T04:22:46","modified_gmt":"2022-02-11T10:22:46","slug":"tlalnepantla-y-atizapan-realizan-mesa-conjunta-de-trabajo-seguridad-metropolitana-y-desarrollo-economico","status":"publish","type":"post","link":"https:\/\/www.diarioimagen.net\/?p=535664","title":{"rendered":"Tlalnepantla y Atizap\u00e1n realizan mesa conjunta de trabajo \u201cSeguridad Metropolitana y Desarrollo Econ\u00f3mico\u201d"},"content":{"rendered":"<p><strong>\u00a0<\/strong><\/p>\n<p><a href=\"https:\/\/www.diarioimagen.net\/?attachment_id=535754\" rel=\"attachment wp-att-535754\"><img loading=\"lazy\" decoding=\"async\" class=\"aligncenter size-full wp-image-535754\" src=\"https:\/\/www.diarioimagen.net\/wp-content\/uploads\/2022\/02\/tlalnepantla-4.jpg\" alt=\"\" width=\"460\" height=\"270\" \/><\/a><\/p>\n<p>&nbsp;<\/p>\n<p><strong>Tlalnepantla, Estado de M\u00e9xico.\u2014 <\/strong>Tlalnepantla fue sede de la mesa de trabajo \u201cSeguridad Metropolitana y Desarrollo Econ\u00f3mico\u201d en la que participaron autoridades de este municipio y de Atizap\u00e1n, as\u00ed como representantes del sector empresarial, a fin de impulsar una agenda conjunta que favorezca la reactivaci\u00f3n econ\u00f3mica de la regi\u00f3n.<\/p>\n<p>En el evento, encabezado por el Presidente Municipal de Tlalnepantla y en el que asisti\u00f3 el Alcalde de Atizap\u00e1n, se acord\u00f3 dar continuidad a las acciones coordinadas entre los municipios que garanticen mayor seguridad, a empresarios\u00a0 y ello repercuta en un crecimiento econ\u00f3mico regional.<\/p>\n","protected":false},"excerpt":{"rendered":"<p>Tlalnepantla fue sede de la mesa de trabajo \u201cSeguridad Metropolitana y Desarrollo Econ\u00f3mico\u201d en la que participaron autoridades de este municipio y de Atizap\u00e1n, as\u00ed como representantes del sector empresarial, a fin de impulsar una agenda conjunta que favorezca la reactivaci\u00f3n econ\u00f3mica de la regi\u00f3n.<\/p>\n","protected":false},"author":3,"featured_media":535754,"comment_status":"open","ping_status":"open","sticky":false,"template":"","format":"standard","meta":{"_monsterinsights_skip_tracking":false,"_monsterinsights_sitenote_active":false,"_monsterinsights_sitenote_note":"","_monsterinsights_sitenote_category":0,"footnotes":""},"categories":[5],"tags":[94572,43675,91611,169],"class_list":["post-535664","post","type-post","status-publish","format-standard","has-post-thumbnail","hentry","category-estado-de-mexico","tag-conjunta","tag-estado-de-mexico","tag-mesa","tag-tlalnepantla"],"_links":{"self":[{"href":"https:\/\/www.diarioimagen.net\/index.php?rest_route=\/wp\/v2\/posts\/535664","targetHints":{"allow":["GET"]}}],"collection":[{"href":"https:\/\/www.diarioimagen.net\/index.php?rest_route=\/wp\/v2\/posts"}],"about":[{"href":"https:\/\/www.diarioimagen.net\/index.php?rest_route=\/wp\/v2\/types\/post"}],"author":[{"embeddable":true,"href":"https:\/\/www.diarioimagen.net\/index.php?rest_route=\/wp\/v2\/users\/3"}],"replies":[{"embeddable":true,"href":"https:\/\/www.diarioimagen.net\/index.php?rest_route=%2Fwp%2Fv2%2Fcomments&post=535664"}],"version-history":[{"count":0,"href":"https:\/\/www.diarioimagen.net\/index.php?rest_route=\/wp\/v2\/posts\/535664\/revisions"}],"wp:featuredmedia":[{"embeddable":true,"href":"https:\/\/www.diarioimagen.net\/index.php?rest_route=\/wp\/v2\/media\/535754"}],"wp:attachment":[{"href":"https:\/\/www.diarioimagen.net\/index.php?rest_route=%2Fwp%2Fv2%2Fmedia&parent=535664"}],"wp:term":[{"taxonomy":"category","embeddable":true,"href":"https:\/\/www.diarioimagen.net\/index.php?rest_route=%2Fwp%2Fv2%2Fcategories&post=535664"},{"taxonomy":"post_tag","embeddable":true,"href":"https:\/\/www.diarioimagen.net\/index.php?rest_route=%2Fwp%2Fv2%2Ftags&post=535664"}],"curies":[{"name":"wp","href":"https:\/\/api.w.org\/{rel}","templated":true}]}}