{"id":535692,"date":"2022-02-11T00:05:55","date_gmt":"2022-02-11T06:05:55","guid":{"rendered":"https:\/\/www.diarioimagen.net\/?p=535692"},"modified":"2022-02-11T02:35:43","modified_gmt":"2022-02-11T08:35:43","slug":"el-laberinto-del-presidente","status":"publish","type":"post","link":"https:\/\/www.diarioimagen.net\/?p=535692","title":{"rendered":"El laberinto del Presidente"},"content":{"rendered":"<h2>Perfil de M\u00e9xico<\/h2>\n<h5>Armando R\u00edos Ruiz<\/h5>\n<p>&nbsp;<\/p>\n<p>Los \u00faltimos d\u00edas, el Presidente ha revelado un laberinto en su cerebro que tiene entrada, pero no salida. Una parte oscura que desnuda paso a paso su infinita ignorancia en todos los temas de la gobernanza y que de todos modos aborda como si se tratara s\u00f3lo de verter opiniones sin ton ni son. Si fuera consciente de lo que hace, deber\u00eda de sentir algo de verg\u00fcenza. No obstante, \u00e9sta no asoma por ning\u00fan lado. Quiere decir que algo est\u00e1 descompuesto dentro de \u00e9l.<\/p>\n<p>Tal vez se trata de un tornillo perdido. De un desajuste sin remedio, que va de menos a m\u00e1s y que habr\u00e1 de acabar de destaparlo muy pronto como alguien que tiene la br\u00fajula descompuesta. Que nunca ha se\u00f1alado el oriente y siempre, de manera insistente, al norte y, por eso, se le ve aturdidamente \u201cnorteado\u201d.<\/p>\n<p>\u00daltimamente ha exhibido una rabia sin l\u00edmite, pr\u00e1cticamente contra todo lo que se mueve. Parece que lo que se dio a conocer de su hijo mayor le produjo un desacomodo que acab\u00f3 por estropear la posici\u00f3n de sus \u00f3rganos pensantes. Lo mismo arremete contra Austria por el penacho de Moctezuma, que desde cu\u00e1ndo le dijo que no se deshar\u00e1 de \u00e9l, que contra los periodistas que cuidar\u00eda, de acuerdo con un exabrupto suyo. Al respecto, debe sentir un gran deleite cuando conoce de la desaparici\u00f3n y muerte de alguno del gremio.<\/p>\n<p>Se meti\u00f3 contra Panam\u00e1, que tiene todo el derecho de rechazar el env\u00edo de embajadores, no de dudosa calidad, sino de mera baj\u00edsima estofa, como Pedro Salmer\u00f3n y Jesusa Rodr\u00edguez, ninguno con la m\u00ednima preparaci\u00f3n diplom\u00e1tica. La \u00faltima, poseedora de un vocabulario de carretonero que no la hace meritoria del cargo. Por ello le preguntaron desde ese pa\u00eds: \u201c\u00bfQu\u00e9 le hicimos a M\u00e9xico?\u201d<\/p>\n<p>Ahora le toc\u00f3 el turno a Espa\u00f1a, de nueva cuenta. Como si hubiera pasado la noche en vela por considerar contra quien pelear al d\u00eda siguiente y verter su veneno en una ma\u00f1anera m\u00e1s, que para eso sirven. S\u00f3lo que emple\u00f3 un verdadero galimat\u00edas que para entenderlo, debi\u00f3 contratar a una persona versada en interpretar fielmente sus intenciones, porque el lenguaje de Cervantes, obviamente no se le da, por m\u00e1s que insista en usarlo.<\/p>\n<p>Sin m\u00e1s ni m\u00e1s, sin motivo alguno, salvo los que \u00e9l mismo ha creado, habl\u00f3 de la necesidad de \u201cponer en pausa\u201d las relaciones con el pa\u00eds ibero. Hasta hoy nadie ha explicado en qu\u00e9 consiste eso o simplemente qu\u00e9 quiso decir.<\/p>\n<p>En M\u00e9xico existen seis mil empresas iberas de diferente quehacer, que cooperan con nuestra econom\u00eda y que dan trabajo a infinidad de mexicanos. Es el segundo pa\u00eds que m\u00e1s invierte en el nuestro y que contribuye en gran medida con la estabilidad. Existe entre ambos, un programa de cooperaci\u00f3n que permite la incursi\u00f3n de connacionales en Espa\u00f1a, que no limita la inversi\u00f3n en la pen\u00ednsula, ni la instalaci\u00f3n de empresas aztecas.<\/p>\n<p>Por un ataque de rabia, acabar\u00e1 por crear todo un desacuerdo y por echar a perder la excelente relaci\u00f3n que se ha observado durante d\u00e9cadas y d\u00e9cadas entre ambas naciones.<\/p>\n<p>Quiere \u201cuna pausa en las relaciones\u201d, que no existe en el diccionario diplom\u00e1tico\u201d y que ser\u00e1 necesario que los que saben, los que efectivamente pertenecen a ese gremio, aclaren. Tal vez su aversi\u00f3n a Espa\u00f1a creci\u00f3 a ra\u00edz de que inst\u00f3 a su gobierno a pedir perd\u00f3n a M\u00e9xico por la conquista, ocurrida hace 500 a\u00f1os, otra idea por dem\u00e1s descabellada y que qued\u00f3 en el aire, seguramente por considerarse que se trata de una petici\u00f3n aberrante.<\/p>\n<p>Pero quiere que las relaciones pausen sin retirar a su enviado como embajador, Quirino Ordaz y sin aceptar otro tipo de cambios que este planteamiento generar\u00eda. Quiere las cosas a su modo. A su manera de entender las cosas, que por cierto, evidencian un desconocimiento absoluto en la materia.<\/p>\n<p>No explic\u00f3 claramente. S\u00f3lo cit\u00f3 que est\u00e1 molesto por lo que ha ocurrido con algunas empresas que aprovecharon gobiernos del pasado para hacer negocios en M\u00e9xico. \u00bfEs necesario romper relaciones durante un tiempo, derivado de esa causa? Hay mucho en el tintero, pero el espacio se acaba.<\/p>\n<p><a href=\"mailto:ariosruiz@gmail.com\" target=\"_blank\" rel=\"noopener noreferrer\"><em>ariosruiz@gmail.com<\/em><\/a><\/p>\n","protected":false},"excerpt":{"rendered":"<p><span style=\"color: #005497;\"><strong>Armando R\u00edos Ruiz<\/strong><\/span><\/p>\n","protected":false},"author":3,"featured_media":0,"comment_status":"open","ping_status":"open","sticky":false,"template":"","format":"standard","meta":{"_monsterinsights_skip_tracking":false,"_monsterinsights_sitenote_active":false,"_monsterinsights_sitenote_note":"","_monsterinsights_sitenote_category":0,"footnotes":""},"categories":[88405],"tags":[88407,43674,91193],"class_list":["post-535692","post","type-post","status-publish","format-standard","hentry","category-armando-rios-ruiz","tag-armando-rios-ruiz","tag-opinion","tag-perfil-de-mexico"],"_links":{"self":[{"href":"https:\/\/www.diarioimagen.net\/index.php?rest_route=\/wp\/v2\/posts\/535692","targetHints":{"allow":["GET"]}}],"collection":[{"href":"https:\/\/www.diarioimagen.net\/index.php?rest_route=\/wp\/v2\/posts"}],"about":[{"href":"https:\/\/www.diarioimagen.net\/index.php?rest_route=\/wp\/v2\/types\/post"}],"author":[{"embeddable":true,"href":"https:\/\/www.diarioimagen.net\/index.php?rest_route=\/wp\/v2\/users\/3"}],"replies":[{"embeddable":true,"href":"https:\/\/www.diarioimagen.net\/index.php?rest_route=%2Fwp%2Fv2%2Fcomments&post=535692"}],"version-history":[{"count":0,"href":"https:\/\/www.diarioimagen.net\/index.php?rest_route=\/wp\/v2\/posts\/535692\/revisions"}],"wp:attachment":[{"href":"https:\/\/www.diarioimagen.net\/index.php?rest_route=%2Fwp%2Fv2%2Fmedia&parent=535692"}],"wp:term":[{"taxonomy":"category","embeddable":true,"href":"https:\/\/www.diarioimagen.net\/index.php?rest_route=%2Fwp%2Fv2%2Fcategories&post=535692"},{"taxonomy":"post_tag","embeddable":true,"href":"https:\/\/www.diarioimagen.net\/index.php?rest_route=%2Fwp%2Fv2%2Ftags&post=535692"}],"curies":[{"name":"wp","href":"https:\/\/api.w.org\/{rel}","templated":true}]}}