{"id":535695,"date":"2022-02-11T00:03:38","date_gmt":"2022-02-11T06:03:38","guid":{"rendered":"https:\/\/www.diarioimagen.net\/?p=535695"},"modified":"2022-02-11T02:37:33","modified_gmt":"2022-02-11T08:37:33","slug":"palazuelos-y-la-etica-de-mc","status":"publish","type":"post","link":"https:\/\/www.diarioimagen.net\/?p=535695","title":{"rendered":"Palazuelos y la \u00e9tica de MC"},"content":{"rendered":"<h2>Centro..!<\/h2>\n<h5>Arturo R\u00edos Ruiz<\/h5>\n<p><em>\u00a0<\/em><\/p>\n<ul>\n<li><strong><em>Se confes\u00f3 asesino con Yordy Rosado<\/em><\/strong><\/li>\n<li><strong><em>Hoy, lo niega y queda como fanfarr\u00f3n<\/em><\/strong><\/li>\n<\/ul>\n<p>&nbsp;<\/p>\n<p>Leemos entre risas burlonas el objetivo de Movimiento Ciudadano: \u201cLa \u00e9tica y la participaci\u00f3n ciudadana en libertad se traducen en gobiernos comprometidos con el derecho que todos tenemos a ser felices\u201d.<\/p>\n<p>El rengl\u00f3n del documento del partido de Dante Delgado nos llev\u00f3 directamente a la figura de Roberto Palazuelos, que est\u00e1 punto de cristalizarse como candidato del \u00f3rgano pol\u00edtico para contender por la gubernatura de Quintana Roo.<\/p>\n<p>En todos los partidos pol\u00edticos habidos y por haber, tienen exigencia referente a la \u00e9tica de sus agremiados, ejecutivos, sus precandidatos y m\u00e1s rigurosos con sus candidatos.<\/p>\n<p>La definici\u00f3n de la \u00e9tica es la siguiente: Disciplina filos\u00f3fica que estudia el bien y el mal y sus relaciones con la moral y el comportamiento humano. Arist\u00f3teles fue el fundador. Otra es el conjunto de costumbres y normas que dirigen o valoran el comportamiento humano en una comunidad. Nada qu\u00e9 ver con el actor y sedicente empresario, m\u00e1s conocido por sus esc\u00e1ndalos.<\/p>\n<p>Su ex socio, Manuel Jim\u00e9nez Sandoval, quien se encuentra recluido en el Centro de Reinserci\u00f3n Social de Chetumal, acus\u00f3 al actor del despojo de un hotel, explic\u00f3 que se trata de un terreno, as\u00ed como un hotel en Tulum en 2001, para despu\u00e9s\u00a0encarcelarlo cuando intent\u00f3 recuperar su propiedad.<\/p>\n<p>Acusaciones muy serias que deber\u00edan comprobar las autoridades, que la mayor parte se quedan en el ambiente medi\u00e1tico, al dejar pasar el derecho a la justicia contra quien sea. Un gobierno debe evitar toda presunci\u00f3n delictiva.<\/p>\n<p>Lo m\u00e1s insensato del aspirante a la gubernatura de Quintana Roo por MC, son sus declaraciones en el programa televisivo de Yordy Rosado ,en el que sobresalen dos frases que lo lapidan: \u201cAndo armado y t\u00fa sabes que yo le jalo\u201d y\u00a0\u201cMatamos\u00a0al gordo, matamos a otro wey\u201d, confes\u00f3 en una entrevista con el conductor. El video fue revivido y ahora se arrepiente.<\/p>\n<p>El precandidato aclar\u00f3 sus pol\u00e9micas declaraciones del a\u00f1o pasado y culpa al escolta que nada borra su b\u00e9lica participaci\u00f3n en una balacera entre inconscientes con esp\u00edritu de bandoleros. Luego entonces, el seudo pol\u00edtico fue un fanfarr\u00f3n en esa entrevista que hoy lo exhibe como carente de toda \u00e9tica.<\/p>\n<p>El MC, que en los \u00faltimos tiempos ha progresado en las contiendas pol\u00edticas, requiere de un examen de constricci\u00f3n revisando su c\u00f3digo de \u00e9tica y no derrumbarse en la falacia que puede ocasionar su desprestigio con personajes como el revoltoso Palazuelos. Si no, all\u00e1 Dante, que presume que su partido ganar\u00e1 en 2024.<\/p>\n<p>La carencia de \u00e9tica en los partidos qued\u00f3 desgarrada el 6 de junio de 2021: Actores, actrices, deportistas y cantantes alzaron la mano para contender por un cargo de elecci\u00f3n popular en esas elecciones en los distintos \u00f3rganos pol\u00edticos, cuyos dirigentes son tan falsos como sus enunciados. No tienen remedio.<\/p>\n<p><em><a href=\"mailto:rrrart2000@hotmail.com\" target=\"_blank\" rel=\"noopener noreferrer\">rrrart2000@hotmail.com<\/a><\/em><\/p>\n","protected":false},"excerpt":{"rendered":"<p><span style=\"color: #005497;\"><strong>Arturo R\u00edos Ruiz<\/strong><\/span><\/p>\n","protected":false},"author":3,"featured_media":0,"comment_status":"open","ping_status":"open","sticky":false,"template":"","format":"standard","meta":{"_monsterinsights_skip_tracking":false,"_monsterinsights_sitenote_active":false,"_monsterinsights_sitenote_note":"","_monsterinsights_sitenote_category":0,"footnotes":""},"categories":[157],"tags":[82266,10806,43674],"class_list":["post-535695","post","type-post","status-publish","format-standard","hentry","category-augusto-corro","tag-arturo-rios-ruiz","tag-centro","tag-opinion"],"_links":{"self":[{"href":"https:\/\/www.diarioimagen.net\/index.php?rest_route=\/wp\/v2\/posts\/535695","targetHints":{"allow":["GET"]}}],"collection":[{"href":"https:\/\/www.diarioimagen.net\/index.php?rest_route=\/wp\/v2\/posts"}],"about":[{"href":"https:\/\/www.diarioimagen.net\/index.php?rest_route=\/wp\/v2\/types\/post"}],"author":[{"embeddable":true,"href":"https:\/\/www.diarioimagen.net\/index.php?rest_route=\/wp\/v2\/users\/3"}],"replies":[{"embeddable":true,"href":"https:\/\/www.diarioimagen.net\/index.php?rest_route=%2Fwp%2Fv2%2Fcomments&post=535695"}],"version-history":[{"count":0,"href":"https:\/\/www.diarioimagen.net\/index.php?rest_route=\/wp\/v2\/posts\/535695\/revisions"}],"wp:attachment":[{"href":"https:\/\/www.diarioimagen.net\/index.php?rest_route=%2Fwp%2Fv2%2Fmedia&parent=535695"}],"wp:term":[{"taxonomy":"category","embeddable":true,"href":"https:\/\/www.diarioimagen.net\/index.php?rest_route=%2Fwp%2Fv2%2Fcategories&post=535695"},{"taxonomy":"post_tag","embeddable":true,"href":"https:\/\/www.diarioimagen.net\/index.php?rest_route=%2Fwp%2Fv2%2Ftags&post=535695"}],"curies":[{"name":"wp","href":"https:\/\/api.w.org\/{rel}","templated":true}]}}