{"id":535700,"date":"2022-02-11T00:03:36","date_gmt":"2022-02-11T06:03:36","guid":{"rendered":"https:\/\/www.diarioimagen.net\/?p=535700"},"modified":"2022-02-11T02:42:48","modified_gmt":"2022-02-11T08:42:48","slug":"amlodesconfianza-incertidumbre-risa","status":"publish","type":"post","link":"https:\/\/www.diarioimagen.net\/?p=535700","title":{"rendered":"AMLO = desconfianza, incertidumbre, risa"},"content":{"rendered":"<h2>Espacio Electoral<\/h2>\n<h5>Eleazar Flores<\/h5>\n<p>&nbsp;<\/p>\n<p><strong>ERROR, MACHACAR-.<\/strong> En Espa\u00f1a, pero seguramente igual pasa en otros pa\u00edses, principalmente con los que la cuarta transformaci\u00f3n se enfrenta innecesariamente, las declaraciones del presidente Andr\u00e9s Manuel L\u00f3pez Obrador causan desconfianza e incertidumbre en los inversionistas, mientras que en <em>Juan Pueblo<\/em> provoca risa, pero tambi\u00e9n un poco de preocupaci\u00f3n.<\/p>\n<p>La exposici\u00f3n anterior pudiera ser producto del m\u00e1s elemental sentido com\u00fan pero no, \u00e9sta se ampl\u00eda con mexiquenses reci\u00e9n llegados de la madre patria, quienes a fuerza de ser sinceros, demuestran verg\u00fcenza por el nivel de la pol\u00edtica exterior mexicana \u201cpero ni modo\u201d, dicen resignados.<\/p>\n<p>En justificaci\u00f3n al tema de esta entrega, s\u00f3lo recordar a quienes corresponda que antes que en otros espacios aqu\u00ed se abordaron temas y resultados de Panam\u00e1 y m\u00e1s recientemente de los libros de texto. Ahora viene la necedad de la 4T en contra de Espa\u00f1a, misma que pasar\u00e1, pero la postura presidencial y su \u201cpausa\u201d que quiere imponer, s\u00f3lo conduce a sembrar incertidumbre.<\/p>\n<p>Un fabricante espa\u00f1ol de muebles que estaba a punto de cerrar operaciones con un socio mexicano sugiri\u00f3 \u201cesperar un poco\u201d mientras pasa la tormenta presidencial. Este es un m\u00ednimo ejemplo del ambiente que puede invadir a inversionistas mayores de otros pa\u00edses, j\u00farelo.<\/p>\n<p>El inversionista espa\u00f1ol hab\u00eda escogido instalarse en l\u00edmites de los estados de M\u00e9xico y Quer\u00e9taro, con una inversi\u00f3n \u201cmodesta\u201d de unos 500 mil euros, pero le sugiri\u00f3 a su potencial socio mexicano \u201ctambi\u00e9n hacer una pausa\u201d, a imagen y semejanza de la postura presidencial. El empresario local conf\u00eda en que cuanto antes venga el silencio presidencial, respecto a la \u201cmadre patria\u201d.<\/p>\n<p>Ampliando el horizonte de nuestra rupestre pol\u00edtica exterior, los paisanos provenientes de Espa\u00f1a tambi\u00e9n se enteraron de la \u201crisa\u201d que caus\u00f3 la rega\u00f1iza que el gobierno paname\u00f1o dio al de M\u00e9xico, al etiquetarlo de injerencista cuando record\u00f3 haber sido calificado como\u00a0 \u201cSanta Inquisici\u00f3n\u201d por el mismo L\u00f3pez Obrador, todo por la designaci\u00f3n de Salmer\u00f3n, como futuro embajador.<\/p>\n<p>Palabra que sentimos verg\u00fcenza cuando nuestros anfitriones hispanos nos tocaron el tema de Panam\u00e1\u2026 y la sustituci\u00f3n por Jesusa Rodr\u00edguez, mejor cambiamos de tema, me pidieron.<\/p>\n<p><strong>LORET, ARISTEGUI, ETC-.<\/strong>\u00a0 Un error presidencial m\u00e1s es el relacionado a querer pedir cuentas a sus cr\u00edticos en el periodismo, principalmente a Carlos Loret de Mola, pero seguramente tambi\u00e9n ha de querer saber qui\u00e9n financia a Carmen Aristegui, \u201cBrozo\u201d y dem\u00e1s.<\/p>\n<p>No siendo empleado de gobierno, Loret no tiene que rendirle cuentas de ning\u00fan tipo, ni las salariales, al Presidente de la Rep\u00fablica. A \u00e9ste, en cambio, s\u00ed le podr\u00edamos pedir cuentas, pues su salario, as\u00ed sea modesto, es producto de los impuestos que todos los contribuyentes, pagamos poco o mucho al SAT.<\/p>\n<p>Se aceptan aclaraciones.<\/p>\n<p><em><a href=\"mailto:elefa44@gmail.com\" target=\"_blank\" rel=\"noopener noreferrer\">elefa44@gmail.com<\/a><\/em><\/p>\n","protected":false},"excerpt":{"rendered":"<p><span style=\"color: #005497;\"><strong>Eleazar Flores<\/strong><\/span><\/p>\n","protected":false},"author":3,"featured_media":0,"comment_status":"open","ping_status":"open","sticky":false,"template":"","format":"standard","meta":{"_monsterinsights_skip_tracking":false,"_monsterinsights_sitenote_active":false,"_monsterinsights_sitenote_note":"","_monsterinsights_sitenote_category":0,"footnotes":""},"categories":[81743],"tags":[81744,81776,43674],"class_list":["post-535700","post","type-post","status-publish","format-standard","hentry","category-eleazar-flores","tag-eleazar-flores","tag-espacio-electoral","tag-opinion"],"_links":{"self":[{"href":"https:\/\/www.diarioimagen.net\/index.php?rest_route=\/wp\/v2\/posts\/535700","targetHints":{"allow":["GET"]}}],"collection":[{"href":"https:\/\/www.diarioimagen.net\/index.php?rest_route=\/wp\/v2\/posts"}],"about":[{"href":"https:\/\/www.diarioimagen.net\/index.php?rest_route=\/wp\/v2\/types\/post"}],"author":[{"embeddable":true,"href":"https:\/\/www.diarioimagen.net\/index.php?rest_route=\/wp\/v2\/users\/3"}],"replies":[{"embeddable":true,"href":"https:\/\/www.diarioimagen.net\/index.php?rest_route=%2Fwp%2Fv2%2Fcomments&post=535700"}],"version-history":[{"count":0,"href":"https:\/\/www.diarioimagen.net\/index.php?rest_route=\/wp\/v2\/posts\/535700\/revisions"}],"wp:attachment":[{"href":"https:\/\/www.diarioimagen.net\/index.php?rest_route=%2Fwp%2Fv2%2Fmedia&parent=535700"}],"wp:term":[{"taxonomy":"category","embeddable":true,"href":"https:\/\/www.diarioimagen.net\/index.php?rest_route=%2Fwp%2Fv2%2Fcategories&post=535700"},{"taxonomy":"post_tag","embeddable":true,"href":"https:\/\/www.diarioimagen.net\/index.php?rest_route=%2Fwp%2Fv2%2Ftags&post=535700"}],"curies":[{"name":"wp","href":"https:\/\/api.w.org\/{rel}","templated":true}]}}