{"id":535702,"date":"2022-02-11T00:11:02","date_gmt":"2022-02-11T06:11:02","guid":{"rendered":"https:\/\/www.diarioimagen.net\/?p=535702"},"modified":"2022-02-11T02:43:42","modified_gmt":"2022-02-11T08:43:42","slug":"preside-pero-no-gobierna","status":"publish","type":"post","link":"https:\/\/www.diarioimagen.net\/?p=535702","title":{"rendered":"Preside, pero no gobierna"},"content":{"rendered":"<h2>\u00cdndice pol\u00edtico<\/h2>\n<h5>Francisco Rodr\u00edguez<\/h5>\n<p>&nbsp;<\/p>\n<ul>\n<li><strong><em>\u00a1\u00c9l lo es todo, todo, todo!<\/em><\/strong><\/li>\n<\/ul>\n<p>&nbsp;<\/p>\n<p>La famosa frase de Adolphe Thiers \u201cel rey reina, pero no gobierna\u201d se convirti\u00f3 en un eslogan cl\u00e1sico de las monarqu\u00edas parlamentarias, despu\u00e9s de que su autor la utilizara en el siglo XIX para destruir a Carlos X de Francia, cuyas tendencias absolutistas concluyeron con su destronamiento.<\/p>\n<p>Sin que la nuestra sea una monarqu\u00eda y menos a\u00fan una democracia parlamentaria, aqu\u00ed vivimos ahora la experiencia de un presidencialismo exacerbado, donde el Presidente de la Rep\u00fablica tampoco gobierna.<\/p>\n<p>\u00c9l concentra todos los poderes. Lo mismo se entromete en los fallos del Judicial, rega\u00f1a a jueces, tiene sus propios ministros en la <em>Corta<\/em>, que ordena al Legislativo que a sus iniciativas no se les cambie siguiera una coma.<\/p>\n<p>En el Ejecutivo \u00e9l lo es todo. Igual funge como secretario de Agricultura que como titular de Infraestructura, Comunicaciones y Transportes. \u00c9l lo sabe todo. Y si no&#8230; se lo saca de la chistera o, en dos palabras, lo inventa.<\/p>\n<p>Sus creencias personal\u00edsimas sobre todos los temas se convierten en ukases, por tan s\u00f3lo haber sido pronunciadas en las llamadas \u201cma\u00f1aneras\u201d<\/p>\n<p>\u00a1Ay de aqu\u00e9l o de aquellos que lo contradigan o, m\u00ednimo, lo critiquen! Todo lo toma a personal.<\/p>\n<p>Pero todo ese poder, todas esas facultades concentradas en ese individuo, sirven para pura&#8230; o, en otros t\u00e9rminos, para lo mismo que se le unta al queso: nada.<\/p>\n<p>\u00c9l preside, pero no gobierna.<\/p>\n<p style=\"text-align: center;\"><strong>Y sigue en campa\u00f1a electoral<\/strong><\/p>\n<p>\u00c9l es su partido pol\u00edtico. O, bueno, el remedo de partido pol\u00edtico que a\u00fan es Morena.<\/p>\n<p>Y los candidatos se eligen de acuerdo con el m\u00e9todo m\u00e1s exacto que en sociolog\u00eda y ciencias pol\u00edticas pueda existir: Lo que dice su dedito.<\/p>\n<p>As\u00ed que, como est\u00e1 en campa\u00f1a desde el inicio del Siglo XXI y ahora no s\u00f3lo para su beneficio, incluso por los candidatos de su movimiento a cargos de elecci\u00f3n o, como ahora, para su \u201cratificaci\u00f3n\u201d en el mando, reh\u00faye las tareas m\u00e1s simples de la Administraci\u00f3n P\u00fablica. No le da tiempo para m\u00e1s.<\/p>\n<p>No hay licitaciones para obras y servicios, por ejemplo, porque a \u00e9l se le hace engorroso, tardado, \u00a1un fastidio! Por eso casi el 90% de los contratos del gobiernito con la iniciativa privada son por adjudicaci\u00f3n directa. Lo peor es que, como siempre ha sucedido con las administraciones federales surgidas del PRI, del PAN, del PRD y de Movimiento Ciudadano, esas contrataciones son para ciertos empresarios.<\/p>\n<p>\u00c9l ondea una bandera blanca y \u00a1zaz! se acab\u00f3 la corrupci\u00f3n.<\/p>\n<p>Decreta que la pandemia est\u00e1 controlada y, en su febril imaginaci\u00f3n, as\u00ed sucede.<\/p>\n<p>Dice que en sus tres a\u00f1os en <em>La Silla<\/em> no ha habido matanzas&#8230; cuando en realidad se han multiplicado porque, seg\u00fan sus entendederas, es producto de su pol\u00edtica de \u201cabrazos, no balazos\u201d.<\/p>\n<p>Anuncia la inauguraci\u00f3n de sus mega obras y pobres de aquellos que no tengan todo listo para que se cumpla en tiempo y forma. Aunque sean militares.<\/p>\n<p>Y mientras, el pa\u00eds se desmorona porque no hay gobierno.<\/p>\n<p>\u00c9l preside, pero no gobierna.<\/p>\n<p>\u00a1Es el \u201ccaudillo\u201d!<\/p>\n<p>\u00bfNo cree usted?<\/p>\n<p style=\"text-align: center;\"><strong>Indicios<\/strong><\/p>\n<p>Apenas le comentaba a usted de la diplomacia estadounidense aplicada a nuestro pa\u00eds, la del consabido polic\u00eda bueno y el polic\u00eda malo, cuando los <em>gringos<\/em> se endurecieron con respecto a la contrarreforma en materia de electricidad. Ken Salazar, el embajador de Joe Biden, primero halag\u00f3 a los l\u00edderes camerales del partido en el poder, incluso le dio la raz\u00f3n al titular del Ejecutivo en querer cambiar una legislaci\u00f3n que apenas tiene pocos a\u00f1os de haber sido promulgada. Y apenas la tarde del martes solt\u00f3 el zarpazo: La contrarreforma Bartlett, resumo, privilegia \u201ctecnolog\u00edas m\u00e1s sucias, anticuadas y caras sobre alternativas renovables eficientes, pondr\u00eda en desventaja tanto a consumidores como a la econom\u00eda en general\u201d. Revel\u00f3, adem\u00e1s, que no es la primera vez que funcionarios de Estados Unidos se lo dicen a los de ac\u00e1. Lo de John Kerry lo comentaremos m\u00e1s adelante. \u00c9l s\u00ed que es el malo de <em>Malolandia<\/em>. * * * \u00a1Bendita ley electoral! Dar\u00e1 a las audiencias dos o m\u00e1s horas diarias de paz, pues aquellas que transmitan las \u201cma\u00f1aneras\u201d hasta antes del 10 de abril se har\u00e1n acreedoras a multas cuantiosas.\u00a0<em>Lex dura, dura lex<\/em>: la ley es dura, pero es la ley. * * * Por hoy es todo. Le deseo un grandioso e inolvidable fin de semana y, como siempre, \u00a1buenas gracias y muchas, muchas noches!<\/p>\n<p><em><u><a href=\"http:\/\/www.indicepolitico.com\" target=\"_blank\" rel=\"noopener noreferrer\">www.indicepolitico.com<\/a><\/u><u><br \/>\n<\/u><a href=\"mailto:indicepolitico@gmail.com\" target=\"_blank\" rel=\"noopener noreferrer\">indicepolitico@gmail.com<\/a><\/em><br \/>\n<em><a href=\"https:\/\/twitter.com\/indicepolitico?lang=es\" target=\"_blank\" rel=\"noopener noreferrer\">@IndicePolitico<\/a><\/em><br \/>\n<em><u><a href=\"https:\/\/twitter.com\/pacorodriguez\" target=\"_blank\" rel=\"noopener noreferrer\">@pacorodriguez<\/a><\/u><\/em><\/p>\n","protected":false},"excerpt":{"rendered":"<p><span style=\"color: #005497;\"><strong>Francisco Rodr\u00edguez<\/strong><\/span><br \/>\n<br \/>\nLa famosa frase de Adolphe Thiers \u201cel rey reina, pero no gobierna\u201d se convirti\u00f3 en un eslogan cl\u00e1sico de las monarqu\u00edas parlamentarias, despu\u00e9s de que su autor la utilizara en el siglo XIX para destruir a Carlos X de Francia, cuyas tendencias absolutistas concluyeron con su destronamiento.<\/p>\n","protected":false},"author":3,"featured_media":0,"comment_status":"open","ping_status":"open","sticky":false,"template":"","format":"standard","meta":{"_monsterinsights_skip_tracking":false,"_monsterinsights_sitenote_active":false,"_monsterinsights_sitenote_note":"","_monsterinsights_sitenote_category":0,"footnotes":""},"categories":[549],"tags":[43689,550,43674],"class_list":["post-535702","post","type-post","status-publish","format-standard","hentry","category-francisco-rodriguez","tag-francisco-rodriguez","tag-indice-politico","tag-opinion"],"_links":{"self":[{"href":"https:\/\/www.diarioimagen.net\/index.php?rest_route=\/wp\/v2\/posts\/535702","targetHints":{"allow":["GET"]}}],"collection":[{"href":"https:\/\/www.diarioimagen.net\/index.php?rest_route=\/wp\/v2\/posts"}],"about":[{"href":"https:\/\/www.diarioimagen.net\/index.php?rest_route=\/wp\/v2\/types\/post"}],"author":[{"embeddable":true,"href":"https:\/\/www.diarioimagen.net\/index.php?rest_route=\/wp\/v2\/users\/3"}],"replies":[{"embeddable":true,"href":"https:\/\/www.diarioimagen.net\/index.php?rest_route=%2Fwp%2Fv2%2Fcomments&post=535702"}],"version-history":[{"count":0,"href":"https:\/\/www.diarioimagen.net\/index.php?rest_route=\/wp\/v2\/posts\/535702\/revisions"}],"wp:attachment":[{"href":"https:\/\/www.diarioimagen.net\/index.php?rest_route=%2Fwp%2Fv2%2Fmedia&parent=535702"}],"wp:term":[{"taxonomy":"category","embeddable":true,"href":"https:\/\/www.diarioimagen.net\/index.php?rest_route=%2Fwp%2Fv2%2Fcategories&post=535702"},{"taxonomy":"post_tag","embeddable":true,"href":"https:\/\/www.diarioimagen.net\/index.php?rest_route=%2Fwp%2Fv2%2Ftags&post=535702"}],"curies":[{"name":"wp","href":"https:\/\/api.w.org\/{rel}","templated":true}]}}