{"id":535704,"date":"2022-02-11T00:08:45","date_gmt":"2022-02-11T06:08:45","guid":{"rendered":"https:\/\/www.diarioimagen.net\/?p=535704"},"modified":"2022-02-11T02:45:55","modified_gmt":"2022-02-11T08:45:55","slug":"el-papel-reaccionario-de-la-oposicion","status":"publish","type":"post","link":"https:\/\/www.diarioimagen.net\/?p=535704","title":{"rendered":"El papel reaccionario de la oposici\u00f3n"},"content":{"rendered":"<h2>Detr\u00e1s del Poder<\/h2>\n<h5>Jos\u00e9 Antonio L\u00f3pez Sosa<\/h5>\n<p>&nbsp;<\/p>\n<p>S\u00ed, estamos viviendo momentos muy complejos en el pa\u00eds con un Presidente, cuyas decisiones personales van m\u00e1s all\u00e1 de las de Estado, el repunte del rechazo al periodismo -como ha sido desde hace d\u00e9cadas- y una idea \u00fanica, donde el pensar distinto est\u00e1 mal visto o es satanizado desde la tribuna matutina del Presidente.<\/p>\n<p>Estamos, una vez m\u00e1s, sobre diagnosticados.<\/p>\n<p>Ahora bien, la oposici\u00f3n en este pa\u00eds \u00bfqu\u00e9 hace? La respuesta es nada.<\/p>\n<p>Nada, porque militantes y no militantes de alg\u00fan partido, pero que se asumen como oposici\u00f3n al gobierno en turno, no han tenido m\u00e1s que un papel reaccionario en el entorno pol\u00edtico, no hay propuestas ni alternativas, simplemente insistir en el diagn\u00f3stico.<\/p>\n<p>\u00bfDe qu\u00e9 nos sirve que insulten una y otra vez al Presidente en turno? \u00bfDe qu\u00e9 sirve que se\u00f1alen uno tras otro yerro, si no hay una propuesta alternativa?<\/p>\n<p>Si la oposici\u00f3n se reduce a Enrique de la Madrid, Margarita Zavala o Ricardo Anaya, en verdad el remedio ser\u00e1 peor que la enfermedad, como reza el dicho.<\/p>\n<p>No hay cuadros nuevos, no hay propuestas serias y viables, no hay un reconocimiento de los abusos del pasado para poder cambiar el rumbo hacia el futuro. Los l\u00edderes que arriba se\u00f1alo, se manifiestan como iluminados y con las mismas palabras huecas de todos los candidatos, pretenden convencer a la gente que son una alternativa democr\u00e1tica.<\/p>\n<p>\u00bfCu\u00e1ndo en la oposici\u00f3n habr\u00e1 cuadros nuevos? En qu\u00e9 momento tendremos una oposici\u00f3n seria y con proyectos tangibles, ya de diagn\u00f3sticos estamos sobrados, ya de reaccionar ante cada ocurrencia en Palacio Nacional, tenemos bastante.<\/p>\n<p>Los a\u00f1os han pasado y la oposici\u00f3n no pasa de ridiculizar a la 4T en twitter, de quejarse y rasgarse las vestiduras, de los m\u00e1s extremos, hacer plantones rid\u00edculos en la Plaza de la Constituci\u00f3n.<\/p>\n<p>\u00bfCu\u00e1ndo llegar\u00e1 la oposici\u00f3n seria de verdad? O acaso \u00bfno existe en M\u00e9xico?<\/p>\n<p><em><a href=\"http:\/\/www.lopezsosa.com\" target=\"_blank\" rel=\"noopener\">www.lopezsosa.com<\/a><\/em><br \/>\n<em><a href=\"mailto:joseantonio@lopezsosa.com\" target=\"_blank\" rel=\"noopener\">joseantonio@lopezsosa.com<\/a><\/em><br \/>\n<em><a href=\"http:\/\/twitter.com\/joseantonio1977\" target=\"_blank\" rel=\"noopener\">@joseantonio197<\/a><\/em><\/p>\n","protected":false},"excerpt":{"rendered":"<p><span style=\"color: #005497;\"><strong>Jos\u00e9 Antonio L\u00f3pez Sosa<\/strong><\/span><\/p>\n","protected":false},"author":3,"featured_media":0,"comment_status":"open","ping_status":"open","sticky":false,"template":"","format":"standard","meta":{"_monsterinsights_skip_tracking":false,"_monsterinsights_sitenote_active":false,"_monsterinsights_sitenote_note":"","_monsterinsights_sitenote_category":0,"footnotes":""},"categories":[637],"tags":[638,43690,43674],"class_list":["post-535704","post","type-post","status-publish","format-standard","hentry","category-jose-antonio-lopez-sosa","tag-detras-del-poder","tag-jose-antonio-lopez-sosa","tag-opinion"],"_links":{"self":[{"href":"https:\/\/www.diarioimagen.net\/index.php?rest_route=\/wp\/v2\/posts\/535704","targetHints":{"allow":["GET"]}}],"collection":[{"href":"https:\/\/www.diarioimagen.net\/index.php?rest_route=\/wp\/v2\/posts"}],"about":[{"href":"https:\/\/www.diarioimagen.net\/index.php?rest_route=\/wp\/v2\/types\/post"}],"author":[{"embeddable":true,"href":"https:\/\/www.diarioimagen.net\/index.php?rest_route=\/wp\/v2\/users\/3"}],"replies":[{"embeddable":true,"href":"https:\/\/www.diarioimagen.net\/index.php?rest_route=%2Fwp%2Fv2%2Fcomments&post=535704"}],"version-history":[{"count":0,"href":"https:\/\/www.diarioimagen.net\/index.php?rest_route=\/wp\/v2\/posts\/535704\/revisions"}],"wp:attachment":[{"href":"https:\/\/www.diarioimagen.net\/index.php?rest_route=%2Fwp%2Fv2%2Fmedia&parent=535704"}],"wp:term":[{"taxonomy":"category","embeddable":true,"href":"https:\/\/www.diarioimagen.net\/index.php?rest_route=%2Fwp%2Fv2%2Fcategories&post=535704"},{"taxonomy":"post_tag","embeddable":true,"href":"https:\/\/www.diarioimagen.net\/index.php?rest_route=%2Fwp%2Fv2%2Ftags&post=535704"}],"curies":[{"name":"wp","href":"https:\/\/api.w.org\/{rel}","templated":true}]}}