{"id":535800,"date":"2022-02-14T00:05:10","date_gmt":"2022-02-14T06:05:10","guid":{"rendered":"https:\/\/www.diarioimagen.net\/?p=535800"},"modified":"2022-02-15T01:56:37","modified_gmt":"2022-02-15T07:56:37","slug":"uaemex-celebro-los-100-anos-de-vida-de-pablo-gonzalez-casanova","status":"publish","type":"post","link":"https:\/\/www.diarioimagen.net\/?p=535800","title":{"rendered":"UAEM\u00e9x celebr\u00f3 los 100 a\u00f1os de vida de Pablo Gonz\u00e1lez Casanova"},"content":{"rendered":"<p><em>\u00a0<\/em><\/p>\n<ul>\n<li><em><strong>El plantel de la Escuela Preparatoria de la UAEM\u00e9x ubicado en el municipio de Tenancingo fue sede de la ceremonia conmemorativa al centenario del natalicio <\/strong><\/em><em><strong>del Doctor Honoris Causa por la Aut\u00f3noma mexiquense<\/strong><\/em><\/li>\n<\/ul>\n<p>&nbsp;<\/p>\n<div id=\"attachment_535891\" style=\"width: 470px\" class=\"wp-caption aligncenter\"><a href=\"https:\/\/www.diarioimagen.net\/?attachment_id=535891\" rel=\"attachment wp-att-535891\"><img loading=\"lazy\" decoding=\"async\" aria-describedby=\"caption-attachment-535891\" class=\"size-full wp-image-535891\" src=\"https:\/\/www.diarioimagen.net\/wp-content\/uploads\/2022\/02\/uaem-8.jpg\" alt=\"\" width=\"460\" height=\"270\" \/><\/a><p id=\"caption-attachment-535891\" class=\"wp-caption-text\">En representaci\u00f3n del rector Carlos Eduardo Barrera D\u00edaz, el director de Publicaciones Universitarias de esta casa de estudios, Jorge Robles \u00c1lvarez, destac\u00f3 al toluque\u00f1o como \u201cincansable defensor de los derechos de los pueblos ind\u00edgenas, acad\u00e9mico, ling\u00fcista, analista y pol\u00edtico, cuyas acciones siguen dejando huella en las consciencias humanas\u201d.<\/p><\/div>\n<p>&nbsp;<\/p>\n<p><strong>Toluca, Estado de M\u00e9xico.\u2014<\/strong> La Universidad Aut\u00f3noma del Estado de M\u00e9xico (UAEM\u00e9x) conmemor\u00f3 los 100 a\u00f1os de vida de Pablo Gonz\u00e1lez Casanova, intelectual, historiador, soci\u00f3logo y polit\u00f3logo comprometido con las causas que hoy son inter\u00e9s fundamental de esta casa de estudios.<\/p>\n<p>En el Plantel \u201cDr. Pablo Gonz\u00e1lez Casanova\u201d de la Escuela Preparatoria de la UAEM\u00e9x, ubicado en el municipio de Tenancingo, se llev\u00f3 a cabo la ceremonia conmemorativa al centenario del natalicio del Doctor Honoris Causa por la Aut\u00f3noma mexiquense.<\/p>\n<p>En representaci\u00f3n del rector Carlos Eduardo Barrera D\u00edaz, el director de Publicaciones Universitarias de esta casa de estudios, Jorge Robles \u00c1lvarez, destac\u00f3 al toluque\u00f1o como \u201cincansable defensor de los derechos de los pueblos ind\u00edgenas, acad\u00e9mico, ling\u00fcista, analista y pol\u00edtico, cuyas acciones siguen dejando huella en las consciencias humanas\u201d.<\/p>\n<p>Acompa\u00f1ado de la encargada del despacho de la direcci\u00f3n del Plantel, Janette Jaimes Garc\u00eda, el servidor universitario puntualiz\u00f3 que Gonz\u00e1lez Casanova es uno de los intelectuales mexicanos m\u00e1s importantes de la segunda mitad del siglo XX y de las primeras d\u00e9cadas de la actual centuria.<\/p>\n<p>Adem\u00e1s, subray\u00f3 que este espacio universitario ha sido dos veces anfitri\u00f3n de Pablo Gonz\u00e1lez Casanova: en abril de 1993, como invitado especial a las celebraciones por el vig\u00e9simo aniversario del plantel, y en septiembre de 2005, cuando su visita fue m\u00e1s abierta y directa con la comunidad estudiantil e, incluso, escribi\u00f3 en el libro de oro del plantel.<\/p>\n<p>Por su parte, Janette Jaimes Garc\u00eda reconoci\u00f3 al exrector y profesor em\u00e9rito de la Universidad Nacional Aut\u00f3noma de M\u00e9xico como un combatiente permanente de las mejores causas de la humanidad desde la trinchera mexicano-latinoamericana y que, con perspectiva universal, sigue siendo un innovador de la reflexi\u00f3n sociol\u00f3gica, educativa, hist\u00f3rica y pol\u00edtica, en busca de una vida plenamente democr\u00e1tica.<\/p>\n<p>Asimismo, la directiva cit\u00f3 la frase que en 2005 Pablo Gonz\u00e1lez Casanova plasm\u00f3 en el libro de oro del Plantel -que desde 1995 lleva su nombre-: \u201cEstoy seguro que de Tenancingo y de esta escuela saldr\u00e1n muchos de los grandes constructores de un M\u00e9xico m\u00e1s libre y m\u00e1s justo\u201d.<\/p>\n","protected":false},"excerpt":{"rendered":"<p>La Universidad Aut\u00f3noma del Estado de M\u00e9xico (UAEM\u00e9x) conmemor\u00f3 los 100 a\u00f1os de vida de Pablo Gonz\u00e1lez Casanova, intelectual, historiador, soci\u00f3logo y polit\u00f3logo comprometido con las causas que hoy son inter\u00e9s fundamental de esta casa de estudios.<\/p>\n","protected":false},"author":3,"featured_media":535891,"comment_status":"open","ping_status":"open","sticky":false,"template":"","format":"standard","meta":{"_monsterinsights_skip_tracking":false,"_monsterinsights_sitenote_active":false,"_monsterinsights_sitenote_note":"","_monsterinsights_sitenote_category":0,"footnotes":""},"categories":[5],"tags":[21999,43675,94580,452,570],"class_list":["post-535800","post","type-post","status-publish","format-standard","has-post-thumbnail","hentry","category-estado-de-mexico","tag-aniversario","tag-estado-de-mexico","tag-pablo-gonzalez-casanova","tag-toluca","tag-unam"],"_links":{"self":[{"href":"https:\/\/www.diarioimagen.net\/index.php?rest_route=\/wp\/v2\/posts\/535800","targetHints":{"allow":["GET"]}}],"collection":[{"href":"https:\/\/www.diarioimagen.net\/index.php?rest_route=\/wp\/v2\/posts"}],"about":[{"href":"https:\/\/www.diarioimagen.net\/index.php?rest_route=\/wp\/v2\/types\/post"}],"author":[{"embeddable":true,"href":"https:\/\/www.diarioimagen.net\/index.php?rest_route=\/wp\/v2\/users\/3"}],"replies":[{"embeddable":true,"href":"https:\/\/www.diarioimagen.net\/index.php?rest_route=%2Fwp%2Fv2%2Fcomments&post=535800"}],"version-history":[{"count":0,"href":"https:\/\/www.diarioimagen.net\/index.php?rest_route=\/wp\/v2\/posts\/535800\/revisions"}],"wp:featuredmedia":[{"embeddable":true,"href":"https:\/\/www.diarioimagen.net\/index.php?rest_route=\/wp\/v2\/media\/535891"}],"wp:attachment":[{"href":"https:\/\/www.diarioimagen.net\/index.php?rest_route=%2Fwp%2Fv2%2Fmedia&parent=535800"}],"wp:term":[{"taxonomy":"category","embeddable":true,"href":"https:\/\/www.diarioimagen.net\/index.php?rest_route=%2Fwp%2Fv2%2Fcategories&post=535800"},{"taxonomy":"post_tag","embeddable":true,"href":"https:\/\/www.diarioimagen.net\/index.php?rest_route=%2Fwp%2Fv2%2Ftags&post=535800"}],"curies":[{"name":"wp","href":"https:\/\/api.w.org\/{rel}","templated":true}]}}