{"id":535819,"date":"2022-02-14T00:01:50","date_gmt":"2022-02-14T06:01:50","guid":{"rendered":"https:\/\/www.diarioimagen.net\/?p=535819"},"modified":"2022-02-14T03:29:44","modified_gmt":"2022-02-14T09:29:44","slug":"dosis-de-refuerzo-anti-covid-para-personas-de-40-a-49-anos-y-rezagadas-en-huixquilucan","status":"publish","type":"post","link":"https:\/\/www.diarioimagen.net\/?p=535819","title":{"rendered":"Dosis de refuerzo anti-Covid para personas de 40 a 49 a\u00f1os y rezagadas en Huixquilucan"},"content":{"rendered":"<p>&nbsp;<\/p>\n<ul>\n<li><em><strong>En el complejo Rosa M\u00edstica y Ciudad Salud para la Mujer<\/strong><\/em><\/li>\n<\/ul>\n<p>&nbsp;<\/p>\n<div id=\"attachment_535910\" style=\"width: 470px\" class=\"wp-caption aligncenter\"><a href=\"https:\/\/www.diarioimagen.net\/?attachment_id=535910\" rel=\"attachment wp-att-535910\"><img loading=\"lazy\" decoding=\"async\" aria-describedby=\"caption-attachment-535910\" class=\"size-full wp-image-535910\" src=\"https:\/\/www.diarioimagen.net\/wp-content\/uploads\/2022\/02\/huixquilucan-9.jpg\" alt=\"\" width=\"460\" height=\"270\" \/><\/a><p id=\"caption-attachment-535910\" class=\"wp-caption-text\">En esta jornada de vacunaci\u00f3n tambi\u00e9n se atiende a todos los rezagados mayores de 18 a\u00f1os, en primera y segunda dosis; as\u00ed como a mujeres embarazadas.<\/p><\/div>\n<p>&nbsp;<\/p>\n<p><strong>Huixquilucan, Estado de M\u00e9xico.\u2014<\/strong> Este viernes inici\u00f3 en orden y con una buena respuesta de las y los huixquiluquenses, la aplicaci\u00f3n de la dosis de refuerzo contraCovid-19 para las personas de 40 a 49 a\u00f1os de edad, as\u00ed como de primera y segunda dosis para todos los mayores de 18 a\u00f1os que, por alguna raz\u00f3n, no han iniciado o completado su esquema de vacunaci\u00f3n contra esta enfermedad.<\/p>\n<p>Desde primera hora, las sedes habilitadas en el Complejo M\u00e9dico Rosa M\u00edstica y Ciudad Salud para la Mujer, comenzaron a recibir a los ciudadanos de este grupo de edad, con el prop\u00f3sito de aplicar la tercera vacuna contra el virus SARS-CoV-2 y, de esta forma, seguir reforzando las medidas de protecci\u00f3n y mantener su salud en \u00f3ptimas condiciones, a fin de que prevalezca un Huixquilucan sano.<\/p>\n<p>En esta dieciseisava jornada de vacunaci\u00f3n que se realiza en el municipio, en coordinaci\u00f3n con autoridades de los gobiernos estatal y federal, tambi\u00e9n se atiende a todos los rezagados mayores de 18 a\u00f1os, en primera y segunda dosis; as\u00ed como a mujeres embarazadas.<\/p>\n<p>En las tres sedes se brindar\u00e1 atenci\u00f3n este 12 y 13 de febrero, en un horario de 08:00 a 16:00 horas, ya que se sumar\u00e1 la sede de atenci\u00f3n vehicular que se habilita en la Universidad An\u00e1huac:<\/p>\n<ul>\n<li>Universidad An\u00e1huac:\u00a0Avenida Universidad An\u00e1huac n\u00famero 46, colonia Lomas An\u00e1huac. M\u00f3dulo de atenci\u00f3n vehicular.<\/li>\n<li>Complejo M\u00e9dico Municipal DIF \u201cRosa M\u00edstica\u201d:\u00a0Carretera Huixquilucan-San Ram\u00f3n #66, San Juan Bautista, Quinto Cuartel.<\/li>\n<li>Ciudad Salud\u00a0para la Mujer:\u00a0Calle Agust\u00edn Melgar n\u00famero 29, San Juan Bautista, Quinto Cuartel.<\/li>\n<\/ul>\n<p>Los requisitos que deber\u00e1n presentar las personas que acudan a vacunarse son: copia de la CURP actualizada, original y copia del INE, comprobante de domicilio, certificado de vacunaci\u00f3n y\/o comprobante de primera y segunda dosis aplicadas y selladas en Huixquilucan, seg\u00fan sea el caso; adem\u00e1s de imprimir y llenar el formato correspondiente que podr\u00e1n obtener en el sitio\u00a0www.mivacuna.salud.gob.mx.<\/p>\n<p>El Gobierno de Huixquilucan exhorta a quienes no pudieron asistir en el primer d\u00eda de esta jornada, a acudir a completar su esquema este s\u00e1bado 12 o domingo 13 de febrero, y reitera la invitaci\u00f3n para no bajar la guardia, a pesar de contar con las tres dosis, con el fin de evitar la propagaci\u00f3n de contagios de covid-19, debido a que la emergencia sanitaria prevalece.<\/p>\n","protected":false},"excerpt":{"rendered":"<p>Este viernes inici\u00f3 en orden y con una buena respuesta de las y los huixquiluquenses, la aplicaci\u00f3n de la dosis de refuerzo contraCovid-19 para las personas de 40 a 49 a\u00f1os de edad, as\u00ed como de primera y segunda dosis para todos los mayores de 18 a\u00f1os que, por alguna raz\u00f3n, no han iniciado o completado su esquema de vacunaci\u00f3n contra esta enfermedad.<\/p>\n","protected":false},"author":3,"featured_media":535910,"comment_status":"open","ping_status":"open","sticky":false,"template":"","format":"standard","meta":{"_monsterinsights_skip_tracking":false,"_monsterinsights_sitenote_active":false,"_monsterinsights_sitenote_note":"","_monsterinsights_sitenote_category":0,"footnotes":""},"categories":[5],"tags":[43675,1097,93839,93954,4713],"class_list":["post-535819","post","type-post","status-publish","format-standard","has-post-thumbnail","hentry","category-estado-de-mexico","tag-estado-de-mexico","tag-huixquilucan","tag-refuerzo","tag-rezagados","tag-vacuna"],"_links":{"self":[{"href":"https:\/\/www.diarioimagen.net\/index.php?rest_route=\/wp\/v2\/posts\/535819","targetHints":{"allow":["GET"]}}],"collection":[{"href":"https:\/\/www.diarioimagen.net\/index.php?rest_route=\/wp\/v2\/posts"}],"about":[{"href":"https:\/\/www.diarioimagen.net\/index.php?rest_route=\/wp\/v2\/types\/post"}],"author":[{"embeddable":true,"href":"https:\/\/www.diarioimagen.net\/index.php?rest_route=\/wp\/v2\/users\/3"}],"replies":[{"embeddable":true,"href":"https:\/\/www.diarioimagen.net\/index.php?rest_route=%2Fwp%2Fv2%2Fcomments&post=535819"}],"version-history":[{"count":0,"href":"https:\/\/www.diarioimagen.net\/index.php?rest_route=\/wp\/v2\/posts\/535819\/revisions"}],"wp:featuredmedia":[{"embeddable":true,"href":"https:\/\/www.diarioimagen.net\/index.php?rest_route=\/wp\/v2\/media\/535910"}],"wp:attachment":[{"href":"https:\/\/www.diarioimagen.net\/index.php?rest_route=%2Fwp%2Fv2%2Fmedia&parent=535819"}],"wp:term":[{"taxonomy":"category","embeddable":true,"href":"https:\/\/www.diarioimagen.net\/index.php?rest_route=%2Fwp%2Fv2%2Fcategories&post=535819"},{"taxonomy":"post_tag","embeddable":true,"href":"https:\/\/www.diarioimagen.net\/index.php?rest_route=%2Fwp%2Fv2%2Ftags&post=535819"}],"curies":[{"name":"wp","href":"https:\/\/api.w.org\/{rel}","templated":true}]}}