{"id":535844,"date":"2022-02-14T00:15:19","date_gmt":"2022-02-14T06:15:19","guid":{"rendered":"https:\/\/www.diarioimagen.net\/?p=535844"},"modified":"2022-02-14T01:17:03","modified_gmt":"2022-02-14T07:17:03","slug":"no-es-loret-es-la-libertad-de-expresion","status":"publish","type":"post","link":"https:\/\/www.diarioimagen.net\/?p=535844","title":{"rendered":"No es Loret, es la libertad de expresi\u00f3n"},"content":{"rendered":"<h2>Por la Derecha..!<\/h2>\n<h5>Luis \u00c1ngel Garc\u00eda<\/h5>\n<p>&nbsp;<\/p>\n<p>Para nadie es desconocido que el Presidente tiene especial animadversi\u00f3n por la prensa, no s\u00f3lo con los propietarios de los medios de comunicaci\u00f3n, sino contra los periodistas, los opinadores, los columnistas y quienes critican al inquilino de Palacio Nacional o el proyecto pol\u00edtico de la 4T.<\/p>\n<p>La estrategia de comunicaci\u00f3n pol\u00edtica que se maneja desde la Presidencia est\u00e1 concentrada en la persona del mandatario, no hay m\u00e1s vocero en el gobierno federal que \u00e9l. Ha anulado a su gabinete, los ha convertido en meros floreros, bur\u00f3cratas que reciben y cumplen \u00f3rdenes, aunque sean contrarias al sentido com\u00fan o desaf\u00eden el escrutinio del rigor t\u00e9cnico, cient\u00edfico o de buen gobierno.<\/p>\n<p>Quien marca la agenda nacional es el Presidente, lo que no necesariamente significa gobernar bien, pero garantiza con las ma\u00f1aneras que se transmitan sus mensajes sin ruido, monopoliza la comunicaci\u00f3n social y posiciona su verdad, sus otros datos y ataja cualquier intentona de descalificaci\u00f3n. A lo largo de tres a\u00f1os ha mediatizado a la opini\u00f3n p\u00fablica y controlado a quienes participan de su conferencia ma\u00f1anera, con reporteros a modo incapaces de cuestionar al Ejecutivo.<\/p>\n<p>Todo era miel sobre hojuelas, la t\u00e1ctica informativa permiti\u00f3 polarizar a la sociedad, controlar a los medios, acotar las cr\u00edticas, descalificar a los opositores, exhibir y denostar a los periodistas serios, hacer de la ficci\u00f3n una realidad. Pero lleg\u00f3 el d\u00eda en que esa entelequia ten\u00eda que eclipsarse. Finalmente, una noticia, un reportaje de investigaci\u00f3n se convirti\u00f3 en el misil que dio en la l\u00ednea de flotaci\u00f3n de la 4T. Hizo volar en mil pedazos la narrativa oficial de la honestidad y la austeridad casi franciscana. No m\u00e1s pa\u00f1uelos blancos que anuncien el fin de la corrupci\u00f3n, ya no tiene sustento la frase \u201cno somos como los otros\u201d ni cuentan m\u00e1s con autoridad moral para decir que los gobiernos anteriores robaron y vivieron con una ostentaci\u00f3n que ofend\u00eda al pueblo.<\/p>\n<p>El reportaje de Latinus, difundido por varios medios, acab\u00f3 con el proyecto pol\u00edtico de la 4T. A diferencia de otras intentonas medi\u00e1ticas que exhibieron la corrupci\u00f3n oficial -como los videos donde aparecen los hermanos del Presidente con fajos de dinero que justifican como \u201caportaciones\u201d para el movimiento-, en esta ocasi\u00f3n quien protagoniza el conflicto de inter\u00e9s y una vida de \u201cmirrey\u201d es el mism\u00edsimo hijo del Presidente, el que habit\u00f3 lujos\u00edsima mansi\u00f3n en Houston, propiedad de un directivo de la empresa petrolera que tiene negocios con Pemex y que se vio favorecida con jugosos contratos desde 2019, a\u00f1o en que el junior ocup\u00f3 esa insultante residencia por algunos meses. \u00bfD\u00f3nde qued\u00f3 la austeridad republicana, casi franciscana? \u00bfPor qu\u00e9 no se investiga un posible caso de corrupci\u00f3n? Ante la contundencia de las evidencias y sin una estrategia medi\u00e1tica que pudiera distraer a la opini\u00f3n p\u00fablica, como hab\u00eda funcionado con otros temas, en esta ocasi\u00f3n no oper\u00f3 \u201cla pausa en las relaciones con Espa\u00f1a\u201d ni las arengas para satanizar el supuesto capitalismo rapaz y corruptor de las empresas ib\u00e9ricas.<\/p>\n<p>Entonces Carlos Loret de Mola -quien no hizo el reportaje, sino uno de los reporteros de su agencia-, se convirti\u00f3 en el villano favorito. Pero ni eso vali\u00f3, porque no pudieron desmentir la informaci\u00f3n, cuanto m\u00e1s la defensa presidencial exhibi\u00f3 a un hijo mantenido. Por eso buscaron desprestigiar a Loret y presentarlo como corrupto, pero s\u00f3lo lograron victimizarlo.<\/p>\n<p>La desesperaci\u00f3n del inquilino de Palacio Nacional lo ha hecho incurrir en la comisi\u00f3n de varios delitos al publicitar los aparentes ingresos del periodista y atent\u00f3 contra la seguridad del comunicador al violar las disposiciones sobre protecci\u00f3n de datos personales.<\/p>\n<p>Pero como la 4T est\u00e1 acostumbrada a transgredir permanentemente la ley, lo m\u00e1s seguro es que no se enjuicie al mandatario, como ocurrir\u00eda con cualquier otro ciudadano que incurriera en esas pr\u00e1cticas. El atentado contra Loret es una agresi\u00f3n a la libertad de expresi\u00f3n.<\/p>\n","protected":false},"excerpt":{"rendered":"<p><span style=\"color: #005497;\"><strong>Luis \u00c1ngel Garc\u00eda<\/strong><\/span><br \/>\n<br \/>\nPara nadie es desconocido que el Presidente tiene especial animadversi\u00f3n por la prensa, no s\u00f3lo con los propietarios de los medios de comunicaci\u00f3n, sino contra los periodistas, los opinadores, los columnistas y quienes critican al inquilino de Palacio Nacional o el proyecto pol\u00edtico de la 4T.<\/p>\n","protected":false},"author":3,"featured_media":0,"comment_status":"open","ping_status":"open","sticky":false,"template":"","format":"standard","meta":{"_monsterinsights_skip_tracking":false,"_monsterinsights_sitenote_active":false,"_monsterinsights_sitenote_note":"","_monsterinsights_sitenote_category":0,"footnotes":""},"categories":[92115],"tags":[92117,43674,92116],"class_list":["post-535844","post","type-post","status-publish","format-standard","hentry","category-luis-angel-garcia","tag-luis-angel-garcia","tag-opinion","tag-por-la-derecha"],"_links":{"self":[{"href":"https:\/\/www.diarioimagen.net\/index.php?rest_route=\/wp\/v2\/posts\/535844","targetHints":{"allow":["GET"]}}],"collection":[{"href":"https:\/\/www.diarioimagen.net\/index.php?rest_route=\/wp\/v2\/posts"}],"about":[{"href":"https:\/\/www.diarioimagen.net\/index.php?rest_route=\/wp\/v2\/types\/post"}],"author":[{"embeddable":true,"href":"https:\/\/www.diarioimagen.net\/index.php?rest_route=\/wp\/v2\/users\/3"}],"replies":[{"embeddable":true,"href":"https:\/\/www.diarioimagen.net\/index.php?rest_route=%2Fwp%2Fv2%2Fcomments&post=535844"}],"version-history":[{"count":0,"href":"https:\/\/www.diarioimagen.net\/index.php?rest_route=\/wp\/v2\/posts\/535844\/revisions"}],"wp:attachment":[{"href":"https:\/\/www.diarioimagen.net\/index.php?rest_route=%2Fwp%2Fv2%2Fmedia&parent=535844"}],"wp:term":[{"taxonomy":"category","embeddable":true,"href":"https:\/\/www.diarioimagen.net\/index.php?rest_route=%2Fwp%2Fv2%2Fcategories&post=535844"},{"taxonomy":"post_tag","embeddable":true,"href":"https:\/\/www.diarioimagen.net\/index.php?rest_route=%2Fwp%2Fv2%2Ftags&post=535844"}],"curies":[{"name":"wp","href":"https:\/\/api.w.org\/{rel}","templated":true}]}}