{"id":535847,"date":"2022-02-14T00:02:30","date_gmt":"2022-02-14T06:02:30","guid":{"rendered":"https:\/\/www.diarioimagen.net\/?p=535847"},"modified":"2022-02-14T01:24:18","modified_gmt":"2022-02-14T07:24:18","slug":"lopez-obrador-unio-a-criticos-periodistas-y-despierta-a-oposicion","status":"publish","type":"post","link":"https:\/\/www.diarioimagen.net\/?p=535847","title":{"rendered":"L\u00f3pez Obrador uni\u00f3 a cr\u00edticos, periodistas y despierta a oposici\u00f3n"},"content":{"rendered":"<h2>La Retaguardia<\/h2>\n<h5>Adriana Moreno Cordero<\/h5>\n<p>&nbsp;<\/p>\n<ul>\n<li><strong><em>Nada pudo opacar la felicidad de Elba Esther Gordillo<\/em><\/strong><\/li>\n<\/ul>\n<p>&nbsp;<\/p>\n<p>A mitad del camino, uno de los muy escasos logros que ha tenido el presidente <strong>Andr\u00e9s Manuel L\u00f3pez Obrador<\/strong> es haber unido a sus cr\u00edticos, a periodistas a los que acosa y persigue y de pasada, haber despertado a la oposici\u00f3n de ese sopor en el que ven\u00eda \u201cflotando\u201d y a todo esto mucho ayud\u00f3 que el inquilino de Palacio Nacional no ha podido -por m\u00e1s frustrados intentos que hizo- aminorar y, en el mejor de los casos, borrar de la escena pol\u00edtica el escandaloso expediente de su hijo mayor, <strong>Jos\u00e9 Ram\u00f3n L\u00f3pez Beltr\u00e1n<\/strong>.<\/p>\n<p>No cabe duda que ni los esc\u00e1ndalos de <strong>P\u00edo L\u00f3pez Obrador<\/strong> ni de la prima favorita de Palacio Nacional<strong>, Felipa Obrador<\/strong> -por citar solo dos ejemplos- que tienen cada uno, su propia carga de corrupci\u00f3n, -s\u00ed, esa que se supone que en esta errada y llamada Cuarta Transformaci\u00f3n ya no existe-, han causado tanto ruido tan permanente; desde luego, no se han olvidado y continuar\u00e1n ah\u00ed incluso, m\u00e1s all\u00e1 de que la errada actual administraci\u00f3n del de Tepetit\u00e1n termine, pero por lo que respecta a su hijo mayor, por lo que se ve, el orgullo de su nepotismo, como dir\u00eda un cl\u00e1sico, hay un ingrediente que le preocupa mayormente al jefe del Ejecutivo y que trasciende nuestras fronteras.<\/p>\n<p>Es bien sabido que en Estados Unidos ya se investiga el expediente de L\u00f3pez Beltr\u00e1n y su muy probable conflicto de intereses y el Presidente de M\u00e9xico no debe olvidar que \u00e9l no manda en el poderoso pa\u00eds del norte, por m\u00e1s que diga que su relaci\u00f3n con el embajador <strong>Ken Salazar<\/strong> es muy buena; que con la administraci\u00f3n de <strong>Joe Biden<\/strong>, es muy respetuosa y levante el dedo pulgar en se\u00f1al de victoria y sonr\u00eda -medio acartonadamente, por cierto-, luego de su encuentro con el enviado estadounidense para el cambio clim\u00e1tico, <strong>John Kerry<\/strong>.<\/p>\n<p>El fin de semana, miles y miles de personas participaron en una reuni\u00f3n virtual para apoyar el ejercicio period\u00edstico de <strong>Carlos Loret de Mola<\/strong> y, definitivamente, se manifest\u00f3 tambi\u00e9n el desencanto entre muchos de quienes, enga\u00f1ados, votaron por L\u00f3pez Obrador; de ah\u00ed, que el \u00edndice de popularidad del tabasque\u00f1o cayera y, ojo, diversas encuestadoras reportan que va a seguir a la baja, si bien no de manera estrepitosa, s\u00ed ser\u00e1 constantemente, por m\u00e1s desesperados esfuerzos que siga haciendo, en medio de m\u00faltiples corajes, el inquilino de Palacio Nacional.<\/p>\n<p>De tal suerte, las miradas est\u00e1n expectantes al gustad\u00edsimo \u201cstand-up\u201d ma\u00f1anero que se supone protagonizar\u00e1 hoy L\u00f3pez Obrador, despu\u00e9s de una amarga gira por Sonora, donde viol\u00f3 varios art\u00edculos de diversas leyes, al haber dado a conocer datos personales de Loret de Mola y, adem\u00e1s, err\u00f3neamente supuso el tabasque\u00f1o que el Servicio de Administraci\u00f3n Tributaria, (SAT), era una instancia investigadora que \u00e9l pod\u00eda manejar a su antojo.<\/p>\n<p>De nueva cuenta, el Presidente arremeti\u00f3 en contra de los organismos aut\u00f3nomos, diciendo que no sirven \u201cpara mucho\u201d, pero eso tampoco le sirvi\u00f3 para tapar, aunque sea un poco, el tremendo esc\u00e1ndalo de su hijo Jos\u00e9 Ram\u00f3n. No basta haber dicho que su reto\u00f1o estaba casado con una \u201cse\u00f1ora que tiene dinero\u201d; el involucramiento de L\u00f3pez Beltr\u00e1n en una corrupci\u00f3n que su padre quiso extinguir por decreto, es m\u00e1s que evidente. \u00bfQu\u00e9 sigue?<\/p>\n<p style=\"text-align: center;\"><strong>Municiones<\/strong><\/p>\n<p>*** Mucho se comenta en los corrillos pol\u00edticos que ya no falta mucho tiempo para que en el PAN se d\u00e9 un cambio muy importante y el liderazgo ni m\u00e1s ni menos que de <strong>Marko Cort\u00e9s<\/strong>, termine, con eso de que hace unos meses hizo pron\u00f3sticos tan, pero tan poco alentadores. \u00bfSer\u00e1?<\/p>\n<p>*** \u00bfPor qu\u00e9 ahora el que habl\u00f3 sobre Covid-19 en M\u00e9xico fue el flamante secretario de Salud, <strong>Jorge Alcocer<\/strong>?, a \u00e9l le gusta m\u00e1s el silencio y enviar por delante al flamante subsecretario de Promoci\u00f3n y Prevenci\u00f3n de la Salud, <strong>Hugo L\u00f3pez-Gatell<\/strong>? El caso es que al titular de la Secretar\u00eda de Salud, que le gusta tanto hablar de sus nietos,\u00a0 al participar en una sesi\u00f3n de la Academia Nacional de Medicina, casi, casi, \u201cdescubri\u00f3 el hilo negro\u201d al se\u00f1alar que conforme transcurre el tiempo, es remot\u00edsima la posibilidad de erradicar el virus del coronavirus, sin embargo, en el mediano plazo, gracias en los aumentos en la vacunaci\u00f3n, los niveles de inmunidad contra este virus se podr\u00edan encontrar en su punto m\u00e1s alto. Entonces, la pregunta surge nuevamente: \u00bfQu\u00e9 estar\u00e1n esperando los funcionarios en materia de salud de esta errada y llamada Cuarta Transformaci\u00f3n para vacunar a los ni\u00f1os y ni\u00f1as? Por lo dem\u00e1s, Alcocer Varela s\u00f3lo repite lo que oye de parte de otros especialistas de a deveras, ya que su incapacidad est\u00e1 por dem\u00e1s demostrada.<\/p>\n<p>*** Nada, absolutamente nada pudo opacar la felicidad de la hoy flamante se\u00f1ora <strong>Gordillo de Lagunas<\/strong> en el oto\u00f1o de su vida, ni siquiera que supuestos miembros de la Coordinadora Nacional de Trabajadores de la Educaci\u00f3n, (CNTE), secci\u00f3n Oaxaca, hubieran invadido el lugar donde se realiz\u00f3 el feliz evento, el Centro Cultural de Santo Domingo e hicieran destrozos con consignas en contra de la ex lideresa magisterial, que vestida de blanco se ve\u00eda como una joven y jovial novia. Por cierto, se comenta, no solo por aquellas tierras, que los presuntos \u201cmaestros\u201d, fueron enviados por alg\u00fan misterioso y poderoso personaje, como un \u201cregalo de bodas\u201d para la feliz pareja.<\/p>\n<p>*** El coordinador de las senadoras y los senadores del PAN, <strong>Julen Rementer\u00eda del Puerto<\/strong>, habl\u00f3 del expediente L\u00f3pez Beltr\u00e1n y mencion\u00f3 que \u201cno es novedad el repudio del Presidente de la Rep\u00fablica hacia los medios de comunicaci\u00f3n, lo que s\u00ed es novedad es el alto grado de violencia verbal y de incitaci\u00f3n al odio que provoca contra los medios\u2026 Es extremadamente preocupante, justo cuando hay m\u00e1s asesinatos de periodistas, 5 en menos de un mes. No pueden decirse dem\u00f3cratas cuando quieren acabar con la libertad de expresi\u00f3n\u201d. El senador Rementer\u00eda indic\u00f3 que el reportaje de la\u00a0<em>Casa gris<\/em>\u00a0en Houston exhibi\u00f3 de manera brutal al gobierno de Morena, pues mostr\u00f3 que la austeridad es una vil mentira, ya que revel\u00f3 la posibilidad de un conflicto de inter\u00e9s y de tr\u00e1fico de influencias por parte del hijo del presidente L\u00f3pez Obrador. \u201cEs tan fuerte el esc\u00e1ndalo que los accionistas de la empresa Baker Hughes est\u00e1n pidiendo una investigaci\u00f3n all\u00e1 en Estados Unidos, en donde s\u00ed se persigue la corrupci\u00f3n\u201d.<\/p>\n<p>*** Y por cierto, qu\u00e9 tal que el represor gobernador de Veracruz, <strong>Cuitl\u00e1huac Garc\u00eda<\/strong>, en un encendido discurso se equivoc\u00f3 y por querer mencionar al hijo del ex gobernador <strong>Miguel \u00c1ngel Yunes<\/strong>, que se le sale el nombre de Jos\u00e9 Ram\u00f3n L\u00f3pez. Lo van a mandar llamar de Palacio Nacional -si no es que ya lo hicieron- para darle tremendo jal\u00f3n de orejas.<\/p>\n<p><u><a href=\"mailto:morcora@gmail.com\" target=\"_blank\" rel=\"noopener noreferrer\"><em>morcora@gmail.com<\/em><\/a><\/u><\/p>\n","protected":false},"excerpt":{"rendered":"<p><span style=\"color: #005497;\"><strong>Adriana Moreno Cordero<\/strong><\/span><\/p>\n","protected":false},"author":3,"featured_media":0,"comment_status":"open","ping_status":"open","sticky":false,"template":"","format":"standard","meta":{"_monsterinsights_skip_tracking":false,"_monsterinsights_sitenote_active":false,"_monsterinsights_sitenote_note":"","_monsterinsights_sitenote_category":0,"footnotes":""},"categories":[69370],"tags":[69369,69368,43674],"class_list":["post-535847","post","type-post","status-publish","format-standard","hentry","category-adriana-moreno-cordero","tag-adriana-moreno-cordero","tag-la-retaguardia","tag-opinion"],"_links":{"self":[{"href":"https:\/\/www.diarioimagen.net\/index.php?rest_route=\/wp\/v2\/posts\/535847","targetHints":{"allow":["GET"]}}],"collection":[{"href":"https:\/\/www.diarioimagen.net\/index.php?rest_route=\/wp\/v2\/posts"}],"about":[{"href":"https:\/\/www.diarioimagen.net\/index.php?rest_route=\/wp\/v2\/types\/post"}],"author":[{"embeddable":true,"href":"https:\/\/www.diarioimagen.net\/index.php?rest_route=\/wp\/v2\/users\/3"}],"replies":[{"embeddable":true,"href":"https:\/\/www.diarioimagen.net\/index.php?rest_route=%2Fwp%2Fv2%2Fcomments&post=535847"}],"version-history":[{"count":0,"href":"https:\/\/www.diarioimagen.net\/index.php?rest_route=\/wp\/v2\/posts\/535847\/revisions"}],"wp:attachment":[{"href":"https:\/\/www.diarioimagen.net\/index.php?rest_route=%2Fwp%2Fv2%2Fmedia&parent=535847"}],"wp:term":[{"taxonomy":"category","embeddable":true,"href":"https:\/\/www.diarioimagen.net\/index.php?rest_route=%2Fwp%2Fv2%2Fcategories&post=535847"},{"taxonomy":"post_tag","embeddable":true,"href":"https:\/\/www.diarioimagen.net\/index.php?rest_route=%2Fwp%2Fv2%2Ftags&post=535847"}],"curies":[{"name":"wp","href":"https:\/\/api.w.org\/{rel}","templated":true}]}}