{"id":535850,"date":"2022-02-14T00:04:22","date_gmt":"2022-02-14T06:04:22","guid":{"rendered":"https:\/\/www.diarioimagen.net\/?p=535850"},"modified":"2022-02-14T01:27:01","modified_gmt":"2022-02-14T07:27:01","slug":"vida-privada-y-libertad-de-expresion","status":"publish","type":"post","link":"https:\/\/www.diarioimagen.net\/?p=535850","title":{"rendered":"Vida privada y libertad de expresi\u00f3n"},"content":{"rendered":"<h2>Desde el portal<\/h2>\n<h5>\u00c1ngel Soriano<\/h5>\n<p>&nbsp;<\/p>\n<p>El diferendo entre el presidente Andr\u00e9s Manuel L\u00f3pez Obrador y Carlos Loret de Mola ha puesto en el tapete de las discusiones entre si es invasi\u00f3n a la vida privada la revelaci\u00f3n del colosal salario del comunicador y la presunta intromisi\u00f3n de la m\u00e1s alta autoridad del pa\u00eds, al utilizar informaci\u00f3n privada como arma pol\u00edtica.<\/p>\n<p>Sin embargo, el presidente L\u00f3pez Obrador arguye, primero, que es informaci\u00f3n que le han proporcionado sus seguidores y que debe corroborarse con la informaci\u00f3n oficial y, desde luego, conocer el origen del financiamiento que tiene como prop\u00f3sito socavar el proceso transformador que beneficia a las mayor\u00edas en favor de las minor\u00edas.<\/p>\n<p>Es decir, recursos privados obtenidos de las arcas p\u00fablicas en otros sexenios y que son cuantiosas utilidades de las trasnacionales, sirven hoy como medio de financiamiento a medios y profesionales de la comunicaci\u00f3n para emprender una dura campa\u00f1a con prop\u00f3sitos pol\u00edticos de desviar el rumbo de la administraci\u00f3n p\u00fablica y seguir manteniendo sus privilegios.<\/p>\n<p>Desde luego que la lucha por el poder es una lucha donde el dinero es fundamental: No puede financiarse una campa\u00f1a pol\u00edtica desde los magros recursos obtenidos de los salarios de un trabajador, sino que necesariamente tienen que venir de las arcas p\u00fablicas que engordan las finanzas de los grandes corporativos. En ese sentido, esclarecer fines y prop\u00f3sitos de tales recursos es conveniente para todos.<\/p>\n<p style=\"text-align: center;\"><strong>Turbulencias<br \/>\nDiferendo entre Sheinbaum y Sandra Cuevas<\/strong><\/p>\n<p>\u00a0De invasi\u00f3n de funciones acusa la alcald\u00eda Cuauht\u00e9moc al gobierno de la Ciudad de M\u00e9xico al pretender instalar a comerciantes ambulantes en el Centro Hist\u00f3rico, donde le corresponde a su demarcaci\u00f3n, y entre diferendo la FGJCDMX acus\u00f3 a la alcaldesa de haber secuestrado y agredido f\u00edsica y verbalmente a dos mandos policiacos que ten\u00edan la encomienda de vigilar el espacio p\u00fablico. La Fiscal\u00eda radica las acusaciones en abuso de autoridad y agresiones a los mandos por parte de la alcaldesa Sandra Cuevas, que tendr\u00e1 que responder a tales acusaciones\u2026 Siempre s\u00ed se consum\u00f3 la boda de la maestra Elba Esther Gordillo con su abogado Antonio Lagunes en el jard\u00edn Etnobot\u00e1nico del Centro Cultural Santo Domingo, uno de los espacios privilegiados de la ciudad de Oaxaca, no s\u00f3lo por su belleza arquitect\u00f3nica, sino por sus instalaciones. A alto costo, se realiz\u00f3 el fastuoso evento, luego que maestros de la Secci\u00f3n XXII realizaron una marcha de protesta e irrumpieron en las instalaciones \u2013no es defensa de la maestra para evitar su matrimonio, sino de protesta por lo que representa-, y destrozaron todo el mobiliario ya colocado para el festejo. Programado para las 20:00 horas, se realiz\u00f3 tres horas m\u00e1s tarde una vez que los maestros se retiraron y se reconstruy\u00f3, sin reparar en costos, el lujoso escenario. Esa es una demostraci\u00f3n de poder econ\u00f3mico y pol\u00edtico\u2026 E innecesariamente el gobernador Alejandro Murat abri\u00f3 un frente con el aguerrido pueblo juchiteco a cuyo cabildo acus\u00f3 de integrar integrado por capos de la mafia. El mandatario lo dijo en un evento priista, al que debi\u00f3 no haber acudido por su investidura de gobernador y menos atacar a una autoridad municipal compuesta por militantes de Morena, el partido en el poder. Para el combate a la delincuencia existen instituciones y mecanismos legales para combatirlos sin necesidad de caer en enfrentamientos p\u00fablicos. Veremos como se subsana este enfrentamiento que no es deseable para nadie y m\u00e1s en una regi\u00f3n estrat\u00e9gica para el pa\u00eds y para el comercio mundial\u2026 Tampoco est\u00e1 claro qui\u00e9n ser\u00e1, definitivamente, el candidato de Morena a la gubernatura ante un escenario tan cambiante en el pa\u00eds.<\/p>\n<p><u><a href=\"mailto:asorianocarrasco@yahoo.com\" target=\"_blank\" rel=\"noopener noreferrer\"><em>asorianocarrasco@yahoo.com<\/em><\/a><br \/>\n<em><a href=\"https:\/\/revistabrecha.com\" target=\"_blank\" rel=\"noopener noreferrer\">www.revistabrecha.com<\/a><br \/>\n<a href=\"https:\/\/twitter.com\/brecharevista\" target=\"_blank\" rel=\"noopener noreferrer\">@BrechaRevista<\/a><\/em><\/u><\/p>\n","protected":false},"excerpt":{"rendered":"<p><span style=\"color: #005497;\"><strong>\u00c1ngel Soriano<\/strong><\/span><\/p>\n","protected":false},"author":3,"featured_media":0,"comment_status":"open","ping_status":"open","sticky":false,"template":"","format":"standard","meta":{"_monsterinsights_skip_tracking":false,"_monsterinsights_sitenote_active":false,"_monsterinsights_sitenote_note":"","_monsterinsights_sitenote_category":0,"footnotes":""},"categories":[135],"tags":[85,86,43674],"class_list":["post-535850","post","type-post","status-publish","format-standard","hentry","category-angel-soriano-opinion","tag-angel-soriano","tag-desde-el-portal","tag-opinion"],"_links":{"self":[{"href":"https:\/\/www.diarioimagen.net\/index.php?rest_route=\/wp\/v2\/posts\/535850","targetHints":{"allow":["GET"]}}],"collection":[{"href":"https:\/\/www.diarioimagen.net\/index.php?rest_route=\/wp\/v2\/posts"}],"about":[{"href":"https:\/\/www.diarioimagen.net\/index.php?rest_route=\/wp\/v2\/types\/post"}],"author":[{"embeddable":true,"href":"https:\/\/www.diarioimagen.net\/index.php?rest_route=\/wp\/v2\/users\/3"}],"replies":[{"embeddable":true,"href":"https:\/\/www.diarioimagen.net\/index.php?rest_route=%2Fwp%2Fv2%2Fcomments&post=535850"}],"version-history":[{"count":0,"href":"https:\/\/www.diarioimagen.net\/index.php?rest_route=\/wp\/v2\/posts\/535850\/revisions"}],"wp:attachment":[{"href":"https:\/\/www.diarioimagen.net\/index.php?rest_route=%2Fwp%2Fv2%2Fmedia&parent=535850"}],"wp:term":[{"taxonomy":"category","embeddable":true,"href":"https:\/\/www.diarioimagen.net\/index.php?rest_route=%2Fwp%2Fv2%2Fcategories&post=535850"},{"taxonomy":"post_tag","embeddable":true,"href":"https:\/\/www.diarioimagen.net\/index.php?rest_route=%2Fwp%2Fv2%2Ftags&post=535850"}],"curies":[{"name":"wp","href":"https:\/\/api.w.org\/{rel}","templated":true}]}}