{"id":535851,"date":"2022-02-14T00:05:23","date_gmt":"2022-02-14T06:05:23","guid":{"rendered":"https:\/\/www.diarioimagen.net\/?p=535851"},"modified":"2022-02-16T01:00:30","modified_gmt":"2022-02-16T07:00:30","slug":"a-una-micra-del-autoritarismo","status":"publish","type":"post","link":"https:\/\/www.diarioimagen.net\/?p=535851","title":{"rendered":"A una micra del autoritarismo"},"content":{"rendered":"<h2>Perfil de M\u00e9xico<\/h2>\n<h5>Armando R\u00edos Ruiz<\/h5>\n<p>&nbsp;<\/p>\n<p>Gracias a los excelentes oficios de nuestro Presidente, a sus grandes esfuerzos por colocar a M\u00e9xico en los primeros lugares de lo que sea, no importa que entre los peores del mundo, estamos \u201ca un escal\u00f3n\u201d de alcanzar el ansiado r\u00e9gimen autoritario, de acuerdo con observaciones hechas por el prestigiado semanario ingl\u00e9s, <em>The Economist<\/em>, fundado en 1843, nada menos.<\/p>\n<p>Pero no ha sido s\u00f3lo su esfuerzo. En la tarea han participado tambi\u00e9n millones de mexicanos hechizados por los artilugios de quien, adem\u00e1s de Presidente, es su gu\u00eda, su dios. Me refiero a esas personas con grandes dificultades para hacer el m\u00ednimo an\u00e1lisis de la realidad que viven. Que no saben m\u00e1s que recibir la d\u00e1diva del gobierno, que no de su pastor. Aunque as\u00ed lo crean.<\/p>\n<p>La revista no sirve a ning\u00fan inter\u00e9s mexicano. Ser\u00eda imposible calificarla de neoliberal o de conservadora. Simplemente observa con acuciosidad lo que ocurre en cualquier lugar del mundo para alertar a la sociedad de que algo se pudre en alg\u00fan rinc\u00f3n. Para instar a sus moradores a no permitirlo. A hacer algo a tiempo para librarse de un mal en ciernes.<\/p>\n<p>Las acciones del mes de enero, crucial en la vida del mandatario porque todo lo que ha dicho se le ha revertido, por haber perdido ocho puntos en sus simpat\u00edas, por haber pretendido descalificar con una rabia infinita a periodistas que se atreven a denunciar la corrupci\u00f3n familiar, ya no s\u00f3lo de sus funcionarios, pese a que supuestamente, su r\u00e9gimen fue erigido exactamente para combatirla, lo ha orillado a pelear contra molinos modernos, capaces de responder con rayos emanados de una pluma que escribe grandes y letales verdades.<\/p>\n<p>Ha dado en disparar en la oscuridad, sin saber a d\u00f3nde. Sin apuntar porque no puede ver nada enfrente. Como los boxeadores de mi pueblo, cuyo combate era realizado entre un trio de novatos con los ojos vendados. Peleas que llamaban de calienta ring para provocar la risa por lo c\u00f3mico que resultaban, cuando atizaban golpes hasta al poste. Ya est\u00e1 en busca de nuevos enemigos extra fronteras. El turno es Per\u00fa, que agregar\u00e1 a la lista de sus provocadores insultos.<\/p>\n<p>A pesar de abrir boquetes por doquiera, porque as\u00ed demanda su esp\u00edritu rijoso aunque no le haga falta, seguramente muy pronto tendr\u00e1 que recibir nuevas embestidas de nuestros vecinos, los del norte, cuyas autoridades lo han instado en innumerables veces a respetar acuerdos como el T-MEC. A someterse a la producci\u00f3n de energ\u00edas limpias. A salvaguardar la vida de los periodistas. A perseguir a quienes los asesinan.<\/p>\n<p>Gracias a su terquedad, le han repetido hasta el cansancio, como lo hicieron con las energ\u00edas, sobre la necesidad de vigilar el trabajo period\u00edstico para evitar asesinatos en el gremio. Pero ha insistido en hacer exactamente lo contrario, como el c\u00e1ntaro que va muchas veces al agua. Utiliza recursos del Estado y su malsana tribuna ma\u00f1anera para eso. Ya veremos hasta cu\u00e1ndo.<\/p>\n<p>Hay quienes pronostican que el escenario de enero se repetir\u00e1 a lo largo de este a\u00f1o. Hay asimismo, millones de mexicanos que lo desean con vehemencia. Los hay igualmente, que ruegan a Dios que su deterioro sea persistente, definitivo. Y hay quienes piden que\u00a0 nada pase, porque podr\u00edan perder sus privilegios de recibir sin trabajar. Tranquilos. Esto no ocurrir\u00e1.<\/p>\n<p><em>The Economist<\/em> dice que M\u00e9xico cay\u00f3 en un retroceso. En 2020 obtuvo 6.07 de calificaci\u00f3n. En 2021 lleg\u00f3 a 5.54. Hoy est\u00e1 a un escal\u00f3n de caer a un r\u00e9gimen autoritario. \u201cVive una descomposici\u00f3n h\u00edbrida entre democracia defectuosa y autoritarismo\u201d, provocada por el mandatario, quien \u201ccontinu\u00f3 sus esfuerzos por concentrar poder en la rama ejecutiva\u201d, afirma la prestigiada revista.<\/p>\n<p>Se\u00f1al\u00f3 algo conocido aqu\u00ed y preocupante: \u201cDe acuerdo al reporte contribuyen a esta calificaci\u00f3n la concentraci\u00f3n de poder que sigue realizando el Presidente de M\u00e9xico en lo institucional, los ataques que lanza en contra de la prensa y la intolerancia de su gobierno con sus cr\u00edticos, incluyendo aliados, adem\u00e1s de la participaci\u00f3n de la delincuencia en las elecciones\u201d.<\/p>\n<p><a href=\"mailto:ariosruiz@gmail.com\" target=\"_blank\" rel=\"noopener noreferrer\"><em>ariosruiz@gmail.com<\/em><\/a><\/p>\n","protected":false},"excerpt":{"rendered":"<p><span style=\"color: #005497;\"><strong>Armando R\u00edos Ruiz<\/strong><\/span><\/p>\n","protected":false},"author":3,"featured_media":0,"comment_status":"open","ping_status":"open","sticky":false,"template":"","format":"standard","meta":{"_monsterinsights_skip_tracking":false,"_monsterinsights_sitenote_active":false,"_monsterinsights_sitenote_note":"","_monsterinsights_sitenote_category":0,"footnotes":""},"categories":[88405],"tags":[88407,43674,91193],"class_list":["post-535851","post","type-post","status-publish","format-standard","hentry","category-armando-rios-ruiz","tag-armando-rios-ruiz","tag-opinion","tag-perfil-de-mexico"],"_links":{"self":[{"href":"https:\/\/www.diarioimagen.net\/index.php?rest_route=\/wp\/v2\/posts\/535851","targetHints":{"allow":["GET"]}}],"collection":[{"href":"https:\/\/www.diarioimagen.net\/index.php?rest_route=\/wp\/v2\/posts"}],"about":[{"href":"https:\/\/www.diarioimagen.net\/index.php?rest_route=\/wp\/v2\/types\/post"}],"author":[{"embeddable":true,"href":"https:\/\/www.diarioimagen.net\/index.php?rest_route=\/wp\/v2\/users\/3"}],"replies":[{"embeddable":true,"href":"https:\/\/www.diarioimagen.net\/index.php?rest_route=%2Fwp%2Fv2%2Fcomments&post=535851"}],"version-history":[{"count":0,"href":"https:\/\/www.diarioimagen.net\/index.php?rest_route=\/wp\/v2\/posts\/535851\/revisions"}],"wp:attachment":[{"href":"https:\/\/www.diarioimagen.net\/index.php?rest_route=%2Fwp%2Fv2%2Fmedia&parent=535851"}],"wp:term":[{"taxonomy":"category","embeddable":true,"href":"https:\/\/www.diarioimagen.net\/index.php?rest_route=%2Fwp%2Fv2%2Fcategories&post=535851"},{"taxonomy":"post_tag","embeddable":true,"href":"https:\/\/www.diarioimagen.net\/index.php?rest_route=%2Fwp%2Fv2%2Ftags&post=535851"}],"curies":[{"name":"wp","href":"https:\/\/api.w.org\/{rel}","templated":true}]}}