{"id":535857,"date":"2022-02-14T00:03:20","date_gmt":"2022-02-14T06:03:20","guid":{"rendered":"https:\/\/www.diarioimagen.net\/?p=535857"},"modified":"2022-02-14T01:32:42","modified_gmt":"2022-02-14T07:32:42","slug":"unam-pablo-gonzalez-casanova","status":"publish","type":"post","link":"https:\/\/www.diarioimagen.net\/?p=535857","title":{"rendered":"UNAM: Pablo Gonz\u00e1lez Casanova"},"content":{"rendered":"<h2>Espacio Electoral<\/h2>\n<h5>Eleazar Flores<\/h5>\n<p>&nbsp;<\/p>\n<p><strong>OLVIDO TOTAL-.<\/strong> Cansado de tanta violencia gubernamental, direccionada principalmente contra\u00a0 miembros del periodismo, recuerde que nuestro pa\u00eds es como la vi\u00f1a del se\u00f1or, hay de todo,\u00a0 mucho muy bueno, un ejemplo, el fil\u00f3sofo y soci\u00f3logo Pablo Gonz\u00e1lez Casanova.<\/p>\n<p>Mexicano?, mexiquense?, da lo mismo es universal y por lo mismo, muy lastimoso que primero su estado natal y luego su UNAM de la que fue rector en los lejanos setentas, no hagan nada o\u00a0 a lo mejor muy poco, con motivo de los 100 a\u00f1os de vida productiva de Pablo Gonz\u00e1lez Casanova.<\/p>\n<p>Apenas este s\u00e1bado cumpli\u00f3 su primer centenario de vida y por lo mucho que hizo en el campo del saber, supongo que se merec\u00eda mucho m\u00e1s que un art\u00edculo acerca de su vida personal y acad\u00e9mica, en la publicaci\u00f3n semanal, Gaceta, de la M\u00e1xima Casa de Estudios del pa\u00eds, pues para las autoridades actuales universitarias pudiera ser que ni se acuerden.<\/p>\n<p>Si esto es lastimoso, imag\u00ednese el estado que lo vio nacer el 11 de febrero de 1922, pasando a segundo t\u00e9rmino el lugar de su nacimiento, Tenancingo o Toluca, lo mismo da, se trata de un mexiquense y mexicano universal que dio lecciones de vida por medio del estudio y la cultura, destacando entre este \u00faltimo campo los grupos ind\u00edgenas.<\/p>\n<p>Pablo Gonz\u00e1lez Casanova tuvo en la abogac\u00eda a su primera carrera universitaria, pero de ah\u00ed pas\u00f3 a incursionar en otros conocimientos de la sociolog\u00eda y la Literatura, al grado de que por sus estudios profundos en la misma logr\u00f3 llegar a formar parte de la Academia Mexicana de la Lengua, pero tambi\u00e9n profundiz\u00f3 en las Ciencias Hist\u00f3ricas, alcanzado una maestr\u00eda.<\/p>\n<p>Es m\u00e1s dif\u00edcil encontrar un campo del conocimiento que no haya sido explorado a fondo por el doctor Pablo Gonz\u00e1lez Casanova, m\u00e1s reconocido en el exterior, por la UNESCO y la Sorbona de Par\u00eds que en su propia patria\u2026 y de su patria chica ni hablar, a lo mejor ni saben de \u00e9l los integrantes de la actual clase pol\u00edtica, de todos los colores.<\/p>\n<p>Cierto que en instituciones mexicanas ha sido reconocido -no tanto como se merece- no as\u00ed de las de su entidad natal, no obstante que pocos cient\u00edficos tan productivos como Pablo Gonz\u00e1lez Casanova llegan a esta edad, por lo que es plenamente justificable la frase del poeta, \u201cEn vida hermano, en vida\u201d. Autoridades nacionales, estatales y de la UNAM tienen tiempo de recordar a un aut\u00e9ntico valor de la humanidad.<\/p>\n<p>Inundados entre tanta violencia, inseguridad, carest\u00eda y ataques medi\u00e1ticos de ya saben quien, olvidamos lo valioso que nuestro pa\u00eds tiene en muchos otros campos, lo de Gonz\u00e1lez Casanova es el presente, pero hay mucho m\u00e1s.<\/p>\n<p><em><a href=\"mailto:elefa44@gmail.com\" target=\"_blank\" rel=\"noopener noreferrer\">elefa44@gmail.com<\/a><\/em><\/p>\n","protected":false},"excerpt":{"rendered":"<p><span style=\"color: #005497;\"><strong>Eleazar Flores<\/strong><\/span><\/p>\n","protected":false},"author":3,"featured_media":0,"comment_status":"open","ping_status":"open","sticky":false,"template":"","format":"standard","meta":{"_monsterinsights_skip_tracking":false,"_monsterinsights_sitenote_active":false,"_monsterinsights_sitenote_note":"","_monsterinsights_sitenote_category":0,"footnotes":""},"categories":[81743],"tags":[81744,81776,43674],"class_list":["post-535857","post","type-post","status-publish","format-standard","hentry","category-eleazar-flores","tag-eleazar-flores","tag-espacio-electoral","tag-opinion"],"_links":{"self":[{"href":"https:\/\/www.diarioimagen.net\/index.php?rest_route=\/wp\/v2\/posts\/535857","targetHints":{"allow":["GET"]}}],"collection":[{"href":"https:\/\/www.diarioimagen.net\/index.php?rest_route=\/wp\/v2\/posts"}],"about":[{"href":"https:\/\/www.diarioimagen.net\/index.php?rest_route=\/wp\/v2\/types\/post"}],"author":[{"embeddable":true,"href":"https:\/\/www.diarioimagen.net\/index.php?rest_route=\/wp\/v2\/users\/3"}],"replies":[{"embeddable":true,"href":"https:\/\/www.diarioimagen.net\/index.php?rest_route=%2Fwp%2Fv2%2Fcomments&post=535857"}],"version-history":[{"count":0,"href":"https:\/\/www.diarioimagen.net\/index.php?rest_route=\/wp\/v2\/posts\/535857\/revisions"}],"wp:attachment":[{"href":"https:\/\/www.diarioimagen.net\/index.php?rest_route=%2Fwp%2Fv2%2Fmedia&parent=535857"}],"wp:term":[{"taxonomy":"category","embeddable":true,"href":"https:\/\/www.diarioimagen.net\/index.php?rest_route=%2Fwp%2Fv2%2Fcategories&post=535857"},{"taxonomy":"post_tag","embeddable":true,"href":"https:\/\/www.diarioimagen.net\/index.php?rest_route=%2Fwp%2Fv2%2Ftags&post=535857"}],"curies":[{"name":"wp","href":"https:\/\/api.w.org\/{rel}","templated":true}]}}