{"id":535943,"date":"2022-02-15T00:01:29","date_gmt":"2022-02-15T06:01:29","guid":{"rendered":"https:\/\/www.diarioimagen.net\/?p=535943"},"modified":"2022-02-15T03:01:32","modified_gmt":"2022-02-15T09:01:32","slug":"instalaran-en-naucalpan-4-puntos-de-vacunacion-anti-covid-para-personas-de-30-a-39-anos-de-edad","status":"publish","type":"post","link":"https:\/\/www.diarioimagen.net\/?p=535943","title":{"rendered":"Instalar\u00e1n en Naucalpan 4 puntos de vacunaci\u00f3n anti-Covid para personas de 30 a 39 a\u00f1os de edad"},"content":{"rendered":"<p>&nbsp;<\/p>\n<ul>\n<li><strong><em>Jornada del 15 al 17 de febrero<\/em><\/strong><\/li>\n<\/ul>\n<p>&nbsp;<\/p>\n<div id=\"attachment_536043\" style=\"width: 470px\" class=\"wp-caption aligncenter\"><a href=\"https:\/\/www.diarioimagen.net\/?attachment_id=536043\" rel=\"attachment wp-att-536043\"><img loading=\"lazy\" decoding=\"async\" aria-describedby=\"caption-attachment-536043\" class=\"size-full wp-image-536043\" src=\"https:\/\/www.diarioimagen.net\/wp-content\/uploads\/2022\/02\/naucalpan-2.jpg\" alt=\"\" width=\"460\" height=\"270\" \/><\/a><p id=\"caption-attachment-536043\" class=\"wp-caption-text\">Se aplicar\u00e1 en cuatro puntos de vacunaci\u00f3n de Naucalpan, entre ellos la UVM campus Lomas Verdes, la dosis de refuerzo contra Covid-19 a personas de 30 a 39 a\u00f1os.<\/p><\/div>\n<p>&nbsp;<\/p>\n<p><strong>Naucalpan, Estado de M\u00e9xico.\u2014<\/strong> Del 15 al 17 de febrero se aplicar\u00e1 en cuatro puntos de vacunaci\u00f3n de Naucalpan, entre ellos la UVM campus Lomas Verdes, la dosis de refuerzo contra Covid-19 a personas de 30 a 39 a\u00f1os residentes en el municipio que hace m\u00e1s de cuatro meses completaron su esquema o fueron vacunados con unidosis de CanSino.<\/p>\n<p>Los solicitantes deber\u00e1n presentar una identificaci\u00f3n oficial, comprobante de domicilio y el formato de vacunaci\u00f3n impreso y lleno, el cual se puede descargar de la plataforma www.mivacuna.salud.gob.<\/p>\n<p>Adem\u00e1s de la Universidad del Valle de M\u00e9xico de Lomas Verdes, donde la vacuna se aplicar\u00e1 sin bajar del veh\u00edculo, las sedes estar\u00e1n instaladas en el Parque Naucalli, ubicado en Boulevard Manuel \u00c1vila Camacho, fraccionamiento Boulevares; Deportivo Benito Ju\u00e1rez, Sierra Madre del Sur 165, colonia Benito Ju\u00e1rez y el CEAPS Nicol\u00e1s Bravo, en calle Cedro, Las Huertas 1\u00aa. Secci\u00f3n.<\/p>\n<p>El martes 15 de febrero ser\u00e1n vacunadas las personas cuyo primer apellido comience con las letras A, B, C, D, E, F, G, H, I; el mi\u00e9rcoles 16, las letras J, K, L, M, N, \u00d1, O, P, Q y el jueves 17, R, S, T, U, V, W, X, Y, Z.<\/p>\n","protected":false},"excerpt":{"rendered":"<p>Del 15 al 17 de febrero se aplicar\u00e1 en cuatro puntos de vacunaci\u00f3n de Naucalpan, entre ellos la UVM campus Lomas Verdes, la dosis de refuerzo contra Covid-19 a personas de 30 a 39 a\u00f1os residentes en el municipio que hace m\u00e1s de cuatro meses completaron su esquema o fueron vacunados con unidosis de CanSino.<\/p>\n","protected":false},"author":3,"featured_media":536043,"comment_status":"open","ping_status":"open","sticky":false,"template":"","format":"standard","meta":{"_monsterinsights_skip_tracking":false,"_monsterinsights_sitenote_active":false,"_monsterinsights_sitenote_note":"","_monsterinsights_sitenote_category":0,"footnotes":""},"categories":[5],"tags":[91936,91877,43675,970],"class_list":["post-535943","post","type-post","status-publish","format-standard","has-post-thumbnail","hentry","category-estado-de-mexico","tag-anti-covid","tag-cansino","tag-estado-de-mexico","tag-naucalpan"],"_links":{"self":[{"href":"https:\/\/www.diarioimagen.net\/index.php?rest_route=\/wp\/v2\/posts\/535943","targetHints":{"allow":["GET"]}}],"collection":[{"href":"https:\/\/www.diarioimagen.net\/index.php?rest_route=\/wp\/v2\/posts"}],"about":[{"href":"https:\/\/www.diarioimagen.net\/index.php?rest_route=\/wp\/v2\/types\/post"}],"author":[{"embeddable":true,"href":"https:\/\/www.diarioimagen.net\/index.php?rest_route=\/wp\/v2\/users\/3"}],"replies":[{"embeddable":true,"href":"https:\/\/www.diarioimagen.net\/index.php?rest_route=%2Fwp%2Fv2%2Fcomments&post=535943"}],"version-history":[{"count":0,"href":"https:\/\/www.diarioimagen.net\/index.php?rest_route=\/wp\/v2\/posts\/535943\/revisions"}],"wp:featuredmedia":[{"embeddable":true,"href":"https:\/\/www.diarioimagen.net\/index.php?rest_route=\/wp\/v2\/media\/536043"}],"wp:attachment":[{"href":"https:\/\/www.diarioimagen.net\/index.php?rest_route=%2Fwp%2Fv2%2Fmedia&parent=535943"}],"wp:term":[{"taxonomy":"category","embeddable":true,"href":"https:\/\/www.diarioimagen.net\/index.php?rest_route=%2Fwp%2Fv2%2Fcategories&post=535943"},{"taxonomy":"post_tag","embeddable":true,"href":"https:\/\/www.diarioimagen.net\/index.php?rest_route=%2Fwp%2Fv2%2Ftags&post=535943"}],"curies":[{"name":"wp","href":"https:\/\/api.w.org\/{rel}","templated":true}]}}