{"id":535945,"date":"2022-02-15T00:02:31","date_gmt":"2022-02-15T06:02:31","guid":{"rendered":"https:\/\/www.diarioimagen.net\/?p=535945"},"modified":"2022-02-15T03:00:44","modified_gmt":"2022-02-15T09:00:44","slug":"gobierno-de-cuautitlan-izcalli-da-continuidad-a-trabajos-preventivos-ante-las-proximas-lluvias","status":"publish","type":"post","link":"https:\/\/www.diarioimagen.net\/?p=535945","title":{"rendered":"Gobierno de Cuautitl\u00e1n Izcalli da continuidad a trabajos preventivos ante las pr\u00f3ximas lluvias"},"content":{"rendered":"<p>&nbsp;<\/p>\n<ul>\n<li><em><strong>En coordinaci\u00f3n con Operagua<\/strong><\/em><\/li>\n<\/ul>\n<p>&nbsp;<\/p>\n<div id=\"attachment_536039\" style=\"width: 470px\" class=\"wp-caption aligncenter\"><a href=\"https:\/\/www.diarioimagen.net\/?attachment_id=536039\" rel=\"attachment wp-att-536039\"><img loading=\"lazy\" decoding=\"async\" aria-describedby=\"caption-attachment-536039\" class=\"size-full wp-image-536039\" src=\"https:\/\/www.diarioimagen.net\/wp-content\/uploads\/2022\/02\/izcalli-8.jpg\" alt=\"\" width=\"460\" height=\"270\" \/><\/a><p id=\"caption-attachment-536039\" class=\"wp-caption-text\">El gobierno de Cuautitl\u00e1n Izcalli, en coordinaci\u00f3n con Operagua, da continuidad a trabajos preventivos ante la pr\u00f3xima temporada de lluvias.<\/p><\/div>\n<p>&nbsp;<\/p>\n<p><strong>Cuautitl\u00e1n Izcalli, Estado de M\u00e9xico.\u2014<\/strong> El gobierno de Cuautitl\u00e1n Izcalli, en coordinaci\u00f3n con el Organismo P\u00fablico Descentralizado para la Prestaci\u00f3n de los Servicios de Agua Potable, Alcantarillado y Saneamiento del Municipio (Operagua), dan continuidad a trabajos preventivos ante pr\u00f3xima temporada de lluvias.<\/p>\n<p>A fin de prevenir inundaciones en temporada de lluvias y as\u00ed evitar focos de infecci\u00f3n que pudieran ocasionar riesgos a la salud y al patrimonio de las familias izcallenses, el Gobierno de Cuautitl\u00e1n Izcalli en coordinaci\u00f3n con el Organismo P\u00fablico Descentralizado para la Prestaci\u00f3n de los Servicios de Agua Potable, Alcantarillado y Saneamiento del Municipio (OPERAGUA), llevaron a cabo la limpieza, desazolve y mantenimiento a la infraestructura pluvial y sanitaria, en las calles Mira Vereda y Mira Lago, pertenecientes a la colonia Cumbria.<\/p>\n<p>La alcaldesa de Cuautitl\u00e1n Izcalli agradeci\u00f3 a las vecinas y vecinos por ser testigos de las acciones que se realizar\u00f3n, se\u00f1al\u00f3 que a trav\u00e9s de este gobierno se tiene la responsabilidad de prevenir cualquier situaci\u00f3n de riesgo como lo son las lluvias, inundaciones y los cambios clim\u00e1ticos inevitables que pudieran amenazar a las familias izcallenses.<\/p>\n<p>El Organismo P\u00fablico Descentralizado Municipal contempla atender a la mayor cantidad de comunidades de Cuautitl\u00e1n Izcalli, en esta primera etapa se busca dar mantenimiento al alcantarillado de 17 colonias del municipio.<\/p>\n<p>El Director de OPERAGUA, coment\u00f3 que la temporada de lluvia iniciar\u00e1 a partir del mes de abril y se extender\u00e1n hasta el mes de noviembre, presentando lluvias intensas los meses de junio, julio y agosto; es por esto que desde el mes de enero se dio inicio a las acciones de limpieza, asimismo se\u00f1al\u00f3 que a\u00fan en temporada de lluvias se seguir\u00e1 trabajando en el mantenimiento del drenaje y alcantarillado, con el fin de evitar inundaciones y dar protecci\u00f3n a la poblaci\u00f3n vulnerable.<\/p>\n<p>El compromiso que se tiene con la ciudadan\u00eda, es generar acciones en los sistemas hidr\u00e1ulicos y de drenaje, para dar protecci\u00f3n a las familias izcallenses y de igual manera se exhorta a la ciudadan\u00eda a evitar tirar basura y desechos en las calles, coladeras y cuerpos de agua del Municipio, que tapan las tuber\u00edas y drenajes para que estos no se vean afectados en la pr\u00f3xima temporada de lluvias, con el fin de evitar inundaciones; de la misma manera colaborar en redes de apoyo para generar una Cultura del Cuidado del Agua y una Cultura del Cuidado del Medio Ambiente por un Izcalli limpio, la responsabilidad es de todas y todos.<\/p>\n","protected":false},"excerpt":{"rendered":"<p>El gobierno de Cuautitl\u00e1n Izcalli, en coordinaci\u00f3n con el Organismo P\u00fablico Descentralizado para la Prestaci\u00f3n de los Servicios de Agua Potable, Alcantarillado y Saneamiento del Municipio (Operagua), dan continuidad a trabajos preventivos ante pr\u00f3xima temporada de lluvias.<\/p>\n","protected":false},"author":3,"featured_media":536039,"comment_status":"open","ping_status":"open","sticky":false,"template":"","format":"standard","meta":{"_monsterinsights_skip_tracking":false,"_monsterinsights_sitenote_active":false,"_monsterinsights_sitenote_note":"","_monsterinsights_sitenote_category":0,"footnotes":""},"categories":[5],"tags":[971,43675,1849,83472,29408],"class_list":["post-535945","post","type-post","status-publish","format-standard","has-post-thumbnail","hentry","category-estado-de-mexico","tag-cuautitlan-izcalli","tag-estado-de-mexico","tag-lluvias","tag-preventivos","tag-trabajos"],"_links":{"self":[{"href":"https:\/\/www.diarioimagen.net\/index.php?rest_route=\/wp\/v2\/posts\/535945","targetHints":{"allow":["GET"]}}],"collection":[{"href":"https:\/\/www.diarioimagen.net\/index.php?rest_route=\/wp\/v2\/posts"}],"about":[{"href":"https:\/\/www.diarioimagen.net\/index.php?rest_route=\/wp\/v2\/types\/post"}],"author":[{"embeddable":true,"href":"https:\/\/www.diarioimagen.net\/index.php?rest_route=\/wp\/v2\/users\/3"}],"replies":[{"embeddable":true,"href":"https:\/\/www.diarioimagen.net\/index.php?rest_route=%2Fwp%2Fv2%2Fcomments&post=535945"}],"version-history":[{"count":0,"href":"https:\/\/www.diarioimagen.net\/index.php?rest_route=\/wp\/v2\/posts\/535945\/revisions"}],"wp:featuredmedia":[{"embeddable":true,"href":"https:\/\/www.diarioimagen.net\/index.php?rest_route=\/wp\/v2\/media\/536039"}],"wp:attachment":[{"href":"https:\/\/www.diarioimagen.net\/index.php?rest_route=%2Fwp%2Fv2%2Fmedia&parent=535945"}],"wp:term":[{"taxonomy":"category","embeddable":true,"href":"https:\/\/www.diarioimagen.net\/index.php?rest_route=%2Fwp%2Fv2%2Fcategories&post=535945"},{"taxonomy":"post_tag","embeddable":true,"href":"https:\/\/www.diarioimagen.net\/index.php?rest_route=%2Fwp%2Fv2%2Ftags&post=535945"}],"curies":[{"name":"wp","href":"https:\/\/api.w.org\/{rel}","templated":true}]}}