{"id":535949,"date":"2022-02-15T00:04:13","date_gmt":"2022-02-15T06:04:13","guid":{"rendered":"https:\/\/www.diarioimagen.net\/?p=535949"},"modified":"2022-02-15T03:02:23","modified_gmt":"2022-02-15T09:02:23","slug":"se-adhiere-atizapan-de-zaragoza-a-la-declaracion-de-venecia","status":"publish","type":"post","link":"https:\/\/www.diarioimagen.net\/?p=535949","title":{"rendered":"Se adhiere Atizap\u00e1n de Zaragoza a la declaraci\u00f3n de Venecia"},"content":{"rendered":"<p>&nbsp;<\/p>\n<p><a href=\"https:\/\/www.diarioimagen.net\/?attachment_id=536045\" rel=\"attachment wp-att-536045\"><img loading=\"lazy\" decoding=\"async\" class=\"aligncenter size-full wp-image-536045\" src=\"https:\/\/www.diarioimagen.net\/wp-content\/uploads\/2022\/02\/atizapan-8.jpg\" alt=\"\" width=\"460\" height=\"270\" \/><\/a><\/p>\n<p>&nbsp;<\/p>\n<p><strong>Atizap\u00e1n de Zaragoza, Estado de M\u00e9xico.\u2014<\/strong> El municipio de Atizap\u00e1n de Zaragoza se adhiri\u00f3 a la declaraci\u00f3n de Venecia, a fin de fomentar la inclusi\u00f3n de las familias en temas de educaci\u00f3n, salud, seguridad y lucha contra la pobreza.<\/p>\n<p>Con la firma de este convenio del que forman parte organizaciones civiles, c\u00e1maras empresariales y autoridades de los tres \u00f3rdenes de gobierno se trazar\u00e1 la hoja de ruta la cual est\u00e1 alineada a los Objetivos de Desarrollo Sostenible de la Agenda 2030 para el desarrollo integral de las familias.<\/p>\n<p>Juan Antonio L\u00f3pez Bljarg, Director del Instituto de An\u00e1lisis de Pol\u00edtica Familiar, resalt\u00f3 la relevancia del compromiso asumido por el Gobierno Municipal, puesto que derivado de la pandemia nos encontramos en una profunda crisis que ha afectado a las familias atizapenses.<\/p>\n","protected":false},"excerpt":{"rendered":"<p>El municipio de Atizap\u00e1n de Zaragoza se adhiri\u00f3 a la declaraci\u00f3n de Venecia, a fin de fomentar la inclusi\u00f3n de las familias en temas de educaci\u00f3n, salud, seguridad y lucha contra la pobreza.<\/p>\n","protected":false},"author":3,"featured_media":536045,"comment_status":"open","ping_status":"open","sticky":false,"template":"","format":"standard","meta":{"_monsterinsights_skip_tracking":false,"_monsterinsights_sitenote_active":false,"_monsterinsights_sitenote_note":"","_monsterinsights_sitenote_category":0,"footnotes":""},"categories":[5],"tags":[3561,5641,43675,83116],"class_list":["post-535949","post","type-post","status-publish","format-standard","has-post-thumbnail","hentry","category-estado-de-mexico","tag-atizapan-de-zaragoza","tag-declaracion","tag-estado-de-mexico","tag-venecia"],"_links":{"self":[{"href":"https:\/\/www.diarioimagen.net\/index.php?rest_route=\/wp\/v2\/posts\/535949","targetHints":{"allow":["GET"]}}],"collection":[{"href":"https:\/\/www.diarioimagen.net\/index.php?rest_route=\/wp\/v2\/posts"}],"about":[{"href":"https:\/\/www.diarioimagen.net\/index.php?rest_route=\/wp\/v2\/types\/post"}],"author":[{"embeddable":true,"href":"https:\/\/www.diarioimagen.net\/index.php?rest_route=\/wp\/v2\/users\/3"}],"replies":[{"embeddable":true,"href":"https:\/\/www.diarioimagen.net\/index.php?rest_route=%2Fwp%2Fv2%2Fcomments&post=535949"}],"version-history":[{"count":0,"href":"https:\/\/www.diarioimagen.net\/index.php?rest_route=\/wp\/v2\/posts\/535949\/revisions"}],"wp:featuredmedia":[{"embeddable":true,"href":"https:\/\/www.diarioimagen.net\/index.php?rest_route=\/wp\/v2\/media\/536045"}],"wp:attachment":[{"href":"https:\/\/www.diarioimagen.net\/index.php?rest_route=%2Fwp%2Fv2%2Fmedia&parent=535949"}],"wp:term":[{"taxonomy":"category","embeddable":true,"href":"https:\/\/www.diarioimagen.net\/index.php?rest_route=%2Fwp%2Fv2%2Fcategories&post=535949"},{"taxonomy":"post_tag","embeddable":true,"href":"https:\/\/www.diarioimagen.net\/index.php?rest_route=%2Fwp%2Fv2%2Ftags&post=535949"}],"curies":[{"name":"wp","href":"https:\/\/api.w.org\/{rel}","templated":true}]}}