{"id":536001,"date":"2022-02-15T00:04:03","date_gmt":"2022-02-15T06:04:03","guid":{"rendered":"https:\/\/www.diarioimagen.net\/?p=536001"},"modified":"2022-02-15T01:28:36","modified_gmt":"2022-02-15T07:28:36","slug":"entre-salario-y-financiamiento","status":"publish","type":"post","link":"https:\/\/www.diarioimagen.net\/?p=536001","title":{"rendered":"Entre salario y financiamiento"},"content":{"rendered":"<h2>Desde el portal<\/h2>\n<h5>\u00c1ngel Soriano<\/h5>\n<p>&nbsp;<\/p>\n<p>Al continuar la pugna entre el presidente Andr\u00e9s Manuel L\u00f3pez Obrador y el comentarista de televisi\u00f3n Carlos Loret de Mola, es preciso distinguir entre el salario que legalmente puede percibir un trabajador, profesional o prestador de servicios y el financiamiento que empresarios o grupos de poder emplean con fines de lucro.<\/p>\n<p>Desde luego que hay libertad de decisi\u00f3n y de conciencia para decidir la actividad o negocio al que personas o grupos puedan dedicarse, pues vivimos en una sociedad de amplias libertades, s\u00f3lo reguladas por un Estado de Derecho y normas propias de la misma convivencia, pero resulta disparejo que unos acaparen ganancias l\u00edcitas o il\u00edcitas mediante presiones y sistemas poco \u00e9ticos.<\/p>\n<p>De esa manera, el presidente AMLO ha dicho que el comunicador tiene ingresos por 35 millones de pesos al a\u00f1o, producto de financiamiento de grupos de poder pol\u00edtico y econ\u00f3mico. Desde luego que es un profesional altamente calificado, pero si es instrumento de un grupo de poder para enfrentar a otro, incurre en una violaci\u00f3n \u00e9tica al utilizar el periodismo como partido pol\u00edtico.<\/p>\n<p>Y en ese sentido, el Presidente se\u00f1ala: Es bueno porque se caen las m\u00e1scaras; es decir, tras la careta de periodista se encubre un opositor pol\u00edtico que busca o sirve a otro grupo de poder que desea recuperar el poder pol\u00edtico con fines facciosos, por encima de lo que es la pol\u00edtica y el servicio p\u00fablico: El bienestar de la mayor\u00eda y que los recursos p\u00fablicos sirvan, efectivamente, para el pueblo y no para un grupo.<\/p>\n<p style=\"text-align: center;\"><strong>Turbulencias<br \/>\nPatrimonio cultural ultrajado<\/strong><\/p>\n<p>El INAH tendr\u00e1 que explicar a cu\u00e1nto ascienden los da\u00f1os causados al ex convento de Santo Domingo donde se realiz\u00f3 lujosa boda el fin de semana pasada y que, al parecer, alteraron la belleza arquitect\u00f3nica del recinto para dar acceso a los invitados que utilizaron el recinto hist\u00f3rico como sal\u00f3n de fiestas, aun cuando \u00e9ste est\u00e1 considerado como patrimonio de la humanidad. Si bien se requieren ingresos para su mantenimiento, esto constituye un abuso y un da\u00f1o al patrimonio nacional al ser agredidos por v\u00e1ndalos que no encuentran otra manera de manifestarse m\u00e1s que con la destrucci\u00f3n de la belleza nacional que no han podido crear ni siquiera conservar\u2026 El canciller Marcelo Ebrard inform\u00f3 que mantiene comunicaci\u00f3n con nuestra embajadora en Kiev, Olga Garc\u00eda Guill\u00e9n, para auxiliar a un centenar de familias mexicanas que radican en Ucrania y que est\u00e1n en riesgo en caso de que el pa\u00eds sea invadido por tropas rusas. Hasta el momento nuestros connacionales no han pedido apoyo y parece ser que se encuentran dispuestos a enfrentar los riesgos de una eventual conflagraci\u00f3n mundial que tenga como epicentro esa ciudad\u2026 El presidente Andr\u00e9s Manuel L\u00f3pez Obrador, durante su recorrido por Sonora y Chihuahua, ofreci\u00f3 becas y empleo a los j\u00f3venes con tal de que no sean cooptados por la delincuencia organizada y tambi\u00e9n a los seris les ofreci\u00f3 entegarles el equivalente a lo que obtienen como ingresos por permitir la caza de venado y borrego cimarr\u00f3n, con el prop\u00f3sito de que se conserve esas especies, as\u00ed como por lo que reciben por la toma de las casetas de cobro. Esto es como parte de la pol\u00edtica de convencimiento para evitar el uso de la fuerza p\u00fablica y preservar la tranquilidad de la regi\u00f3n. El Presidente dijo que hist\u00f3ricamente los yaquis han sido maltratados pues en el pasado sufrieron represi\u00f3n y despojo de sus recursos naturales. Ahora, la situaci\u00f3n ha cambiado y se les reintegran sus recursos y apoyos para que lleven una mejor vida y conserven sus tradiciones. La pol\u00edtica gubernamental no es del agrado de todos.<\/p>\n<p><u><a href=\"mailto:asorianocarrasco@yahoo.com\" target=\"_blank\" rel=\"noopener noreferrer\"><em>asorianocarrasco@yahoo.com<\/em><\/a><br \/>\n<em><a href=\"https:\/\/revistabrecha.com\" target=\"_blank\" rel=\"noopener noreferrer\">www.revistabrecha.com<\/a><br \/>\n<a href=\"https:\/\/twitter.com\/brecharevista\" target=\"_blank\" rel=\"noopener noreferrer\">@BrechaRevista<\/a><\/em><\/u><\/p>\n","protected":false},"excerpt":{"rendered":"<p><span style=\"color: #005497;\"><strong>\u00c1ngel Soriano<\/strong><\/span><\/p>\n","protected":false},"author":3,"featured_media":0,"comment_status":"open","ping_status":"open","sticky":false,"template":"","format":"standard","meta":{"_monsterinsights_skip_tracking":false,"_monsterinsights_sitenote_active":false,"_monsterinsights_sitenote_note":"","_monsterinsights_sitenote_category":0,"footnotes":""},"categories":[135],"tags":[85,86,43674],"class_list":["post-536001","post","type-post","status-publish","format-standard","hentry","category-angel-soriano-opinion","tag-angel-soriano","tag-desde-el-portal","tag-opinion"],"_links":{"self":[{"href":"https:\/\/www.diarioimagen.net\/index.php?rest_route=\/wp\/v2\/posts\/536001","targetHints":{"allow":["GET"]}}],"collection":[{"href":"https:\/\/www.diarioimagen.net\/index.php?rest_route=\/wp\/v2\/posts"}],"about":[{"href":"https:\/\/www.diarioimagen.net\/index.php?rest_route=\/wp\/v2\/types\/post"}],"author":[{"embeddable":true,"href":"https:\/\/www.diarioimagen.net\/index.php?rest_route=\/wp\/v2\/users\/3"}],"replies":[{"embeddable":true,"href":"https:\/\/www.diarioimagen.net\/index.php?rest_route=%2Fwp%2Fv2%2Fcomments&post=536001"}],"version-history":[{"count":0,"href":"https:\/\/www.diarioimagen.net\/index.php?rest_route=\/wp\/v2\/posts\/536001\/revisions"}],"wp:attachment":[{"href":"https:\/\/www.diarioimagen.net\/index.php?rest_route=%2Fwp%2Fv2%2Fmedia&parent=536001"}],"wp:term":[{"taxonomy":"category","embeddable":true,"href":"https:\/\/www.diarioimagen.net\/index.php?rest_route=%2Fwp%2Fv2%2Fcategories&post=536001"},{"taxonomy":"post_tag","embeddable":true,"href":"https:\/\/www.diarioimagen.net\/index.php?rest_route=%2Fwp%2Fv2%2Ftags&post=536001"}],"curies":[{"name":"wp","href":"https:\/\/api.w.org\/{rel}","templated":true}]}}