{"id":536004,"date":"2022-02-15T00:03:05","date_gmt":"2022-02-15T06:03:05","guid":{"rendered":"https:\/\/www.diarioimagen.net\/?p=536004"},"modified":"2022-02-15T01:30:35","modified_gmt":"2022-02-15T07:30:35","slug":"defensa-baladi-en-explicacion","status":"publish","type":"post","link":"https:\/\/www.diarioimagen.net\/?p=536004","title":{"rendered":"Defensa balad\u00ed, en explicaci\u00f3n"},"content":{"rendered":"<h2>Centro..!<\/h2>\n<h5>Arturo R\u00edos Ruiz<\/h5>\n<p>&nbsp;<\/p>\n<ul>\n<li><strong><em>A dos semanas del \u201cbombazo\u201d<\/em><\/strong><\/li>\n<li><strong><em>El hijo \u00bfen Tabasco y Houston?<\/em><\/strong><\/li>\n<\/ul>\n<p>&nbsp;<\/p>\n<p>Admite AMLO que su hijo trabaja en empresa af\u00edn a supervisor del Tren Maya,\u00a0reconoci\u00f3 que, trabaja en una empresa de los hijos de\u00a0Daniel\u00a0Ch\u00e1vez, quien, dice, lo ayuda en la supervisi\u00f3n del Tren Maya \u201csin cobrar nada\u201d: No hay problema de inter\u00e9s, \u00e9l no tiene negocio con el gobierno. Rebuscada y enredosa respuesta que ahonda la duda. Descart\u00f3 la riqueza de la nuera.<\/p>\n<p>El hijo del Presidente aclar\u00f3 que sus ingresos provienen de su trabajo como asesor legal en una empresa de desarrollo y construcci\u00f3n en Houston en Estados Unidos, por lo que rechaz\u00f3 que exista conflicto de intereses o tenga injerencia en el Gobierno de M\u00e9xico \u00bfC\u00f3mo le har\u00e1 para atender Tabasco y Houston?<\/p>\n<p>Lo real es que este asunto que ha trastocado la imagen presidencial como ninguno en los tres a\u00f1os de su gobierno ya hizo estragos en la imagen presidencial y \u00e9l, el Presidente se ha encargado de mantener vigente.<\/p>\n<p>Sus distractores han resultado fallidos, producto de la desesperaci\u00f3n por justificar el comportamiento del V\u00e1stago que apenas ayer dio la cara para hablar del tema, se mantuvo \u201cescondido\u201d viendo los toros desde una c\u00f3moda barrera desde Houston, Texas.<\/p>\n<p>Buscando, el Presidente, argumentos dirigidos a aniquilar el tremendo se\u00f1alamiento al hijo, se pele\u00f3 sorpresivamente con Espa\u00f1a, reparti\u00f3 dosis b\u00e9licas a Panam\u00e1, Austria, Reino Unido, Per\u00fa y hasta a los Estados Unidos y lo \u00fanico que logr\u00f3 fue una ca\u00edda en la aceptaci\u00f3n que le destroz\u00f3 el ego.<\/p>\n<p>Llama la atenci\u00f3n el argumento muy utilizado en el sector policiaco: Sostuvo que el exhibir el supuesto sueldo de Carlos Loret de Mola, que seg\u00fan mandatario gan\u00f3 35 millones 200 mil pesos, es \u201cleg\u00edtima defensa\u201d; acus\u00f3 a sus adversarios de golpistas que preparan el terreno para destruir su proyecto denominado la 4T y advirti\u00f3 que no se va a dejar y quedar callado.<\/p>\n<p>La leg\u00edtima defensa: \u201cValga la redundancia, es la defensa que se encuentra amparada por la ley. De esta manera, es una causa de exclusi\u00f3n del delito. Ante delitos violentos como pueden ser: Secuestros, robos, asaltos u homicidios est\u00e1 justificado que te defiendas. El mandatario la acomoda a sus intereses al olvidar que existe el derecho de informaci\u00f3n amparado en la libertad de expresi\u00f3n, art\u00edculo 6 y 7 constitucionales.<\/p>\n<p>Un ejemplo de c\u00f3mo convulsiona la ley y la aplica para su provecho, por esa causa de irreflexi\u00f3n, da motivos de cr\u00edticas, pues estas acciones conllevan a la calificaci\u00f3n de acciones con mayor \u00e9nfasis autoritarias contra la prensa en general.<\/p>\n<p>Es claro, los ataques se centran en Carlos Loret de Mola y de refil\u00f3n a su ex aliada Carmen Atistegui, pero ello simboliza a todo el gremio se resulta lesionado con la andanada del peso inmenso poder presidencial. Los problemas torales del pa\u00eds siguen esperando, entre ellos la matanza de periodistas.<\/p>\n<p><em><a href=\"mailto:rrrart2000@hotmail.com\" target=\"_blank\" rel=\"noopener noreferrer\">rrrart2000@hotmail.com<\/a><\/em><\/p>\n","protected":false},"excerpt":{"rendered":"<p><span style=\"color: #005497;\"><strong>Arturo R\u00edos Ruiz<\/strong><\/span><\/p>\n","protected":false},"author":3,"featured_media":0,"comment_status":"open","ping_status":"open","sticky":false,"template":"","format":"standard","meta":{"_monsterinsights_skip_tracking":false,"_monsterinsights_sitenote_active":false,"_monsterinsights_sitenote_note":"","_monsterinsights_sitenote_category":0,"footnotes":""},"categories":[82265],"tags":[82266,10806,43674],"class_list":["post-536004","post","type-post","status-publish","format-standard","hentry","category-arturo-rios-ruiz","tag-arturo-rios-ruiz","tag-centro","tag-opinion"],"_links":{"self":[{"href":"https:\/\/www.diarioimagen.net\/index.php?rest_route=\/wp\/v2\/posts\/536004","targetHints":{"allow":["GET"]}}],"collection":[{"href":"https:\/\/www.diarioimagen.net\/index.php?rest_route=\/wp\/v2\/posts"}],"about":[{"href":"https:\/\/www.diarioimagen.net\/index.php?rest_route=\/wp\/v2\/types\/post"}],"author":[{"embeddable":true,"href":"https:\/\/www.diarioimagen.net\/index.php?rest_route=\/wp\/v2\/users\/3"}],"replies":[{"embeddable":true,"href":"https:\/\/www.diarioimagen.net\/index.php?rest_route=%2Fwp%2Fv2%2Fcomments&post=536004"}],"version-history":[{"count":0,"href":"https:\/\/www.diarioimagen.net\/index.php?rest_route=\/wp\/v2\/posts\/536004\/revisions"}],"wp:attachment":[{"href":"https:\/\/www.diarioimagen.net\/index.php?rest_route=%2Fwp%2Fv2%2Fmedia&parent=536004"}],"wp:term":[{"taxonomy":"category","embeddable":true,"href":"https:\/\/www.diarioimagen.net\/index.php?rest_route=%2Fwp%2Fv2%2Fcategories&post=536004"},{"taxonomy":"post_tag","embeddable":true,"href":"https:\/\/www.diarioimagen.net\/index.php?rest_route=%2Fwp%2Fv2%2Ftags&post=536004"}],"curies":[{"name":"wp","href":"https:\/\/api.w.org\/{rel}","templated":true}]}}