{"id":536006,"date":"2022-02-15T00:08:38","date_gmt":"2022-02-15T06:08:38","guid":{"rendered":"https:\/\/www.diarioimagen.net\/?p=536006"},"modified":"2022-02-15T01:32:01","modified_gmt":"2022-02-15T07:32:01","slug":"candidato-presidencial-unico","status":"publish","type":"post","link":"https:\/\/www.diarioimagen.net\/?p=536006","title":{"rendered":"Candidato presidencial \u00fanico"},"content":{"rendered":"<h2>Punto por punto<\/h2>\n<h5>Augusto Corro<\/h5>\n<p>&nbsp;<\/p>\n<p>Los partidos de oposici\u00f3n pactaron postular un candidato presidencial \u00fanico para\u00a0 2024. \u201cO nos unimos o nos hundimos\u201d, dijeron los l\u00edderes del PAN, PRI y PRD, tras una reuni\u00f3n con representantes de la asociaci\u00f3n civil Futuro 21 que encabeza Demetrio Sodi, efectuada la semana pasada.<\/p>\n<p>Los tres dirigentes nacionales, Marko Cort\u00e9s, (PAN); Alejandro Moreno, (PRI); y Jes\u00fas Zambrano, (PRD) aceptaron un acuerdo pol\u00edtico-electoral alejado del neoliberalismo y del populismo. Lo esencial de la alianza partidista es la candidatura \u00fanica. \u00bfDe d\u00f3nde van a sacar a su representante? \u00bfDe qu\u00e9 organizaci\u00f3n pol\u00edtica saldr\u00e1 el aspirante? Porque si se revisa el panorama pol\u00edtico, no se encuentran personajes relevantes.<\/p>\n<p>En Acci\u00f3n Nacional, desde 2018 el partido se encuentra a la deriva. Marko Cort\u00e9s no ha mostrado capacidad para reanimar a esa organizaci\u00f3n pol\u00edtica que se encuentra en la lona. Lo mismo le ocurre a Alejandro Moreno, el priista que perdi\u00f3 la br\u00fajula. Lo mismo le sucede a Jes\u00fas Zambrano, uno de \u201cLos Chuchos\u201d que debido a sus ambiciones personales, tienen a su partido al borde de la desaparici\u00f3n.<\/p>\n<p>En el instituto blanquiazul no se han dado tiempo para rejuvenecer sus cuadros. Son las figuras las que salen a promover y a defender el partido. Ah\u00ed tiene usted al \u201cJefe Diego\u201d Fern\u00e1ndez de Cevallos; al propio ex presidente Vicente Fox. El ex mandatario Felipe Calder\u00f3n que est\u00e1 en condiciones de regresar a dirigir a su \u201calma mater\u201d, con su esposa Margarita Zavala al frente.<\/p>\n<p>De Ricardo Anaya, quien se encuentra a salta de mata, no podr\u00eda asegurarse que en un momento extremo fuera el candidato \u00fanico de la oposici\u00f3n.\u00a0 En el presente tiene cuentas pendientes con la justicia. Adem\u00e1s, su campa\u00f1a presidencial no fue suficientemente efectiva para que ganara la silla presidencial. Lo primero que tiene que hacer es arreglar sus cuentas con los representantes de la ley. De los partidos pol\u00edticos se\u00f1alados, Acci\u00f3n Nacional es el menos d\u00e9bil de los tres.<\/p>\n<p>Del Revolucionario Institucional hay poco que decir. Aquellos \u201cdinosaurios\u201d se alejaron o decidieron participar en la grilla, pero a distancia. Las derrotas pol\u00edticas los alcanzaron y los paralizaron. Como estar\u00e1 la escasez de pol\u00edticos en el PRI, que hasta Enrique de la Madrid alz\u00f3 la mano para decir que est\u00e1 presente para la candidatura presidencial. Mientras, los otros ex dirigentes tricolores se encuentran escondidos en espera de mejores tiempos. No es remoto que el propio l\u00edder, Alejandro Moreno, se promueva como aspirante a la representaci\u00f3n tripartita.<\/p>\n<p>Sobre \u201cEl Chucho\u201d Jes\u00fas Zambrano tendr\u00eda que decirse que su partido, el PRD, no se levanta. \u201cLos Chuchos\u201d son los due\u00f1os de la pelota y no la prestan. Se apoderaron de lo que queda de ese instituto pol\u00edtico y ah\u00ed seguir\u00e1n hasta el fin de los tiempos. Si en la organizaci\u00f3n del sol azteca queda algo de fuerza y presencia, se debe a la intensa actividad partidista que desarrolla la dirigente capitalina, Nora Arias.<\/p>\n<p>\u00bfJes\u00fas Zambrano y Jes\u00fas Ortega esperan que les cambie la suerte? Con su trabajo mediocre dif\u00edcilmente lo lograr\u00e1n. Su primera meta tendr\u00eda que basarse en la separaci\u00f3n de las alianzas, que ya comprobaron que no les funcionan. Adem\u00e1s, tendr\u00edan que sentarse a revisar sus metas como partido pol\u00edtico que, dicho sea de paso, las tienen olvidadas. No es suficiente con su declaraci\u00f3n de oposici\u00f3n a la Cuarta Transformaci\u00f3n (4T) para ganar adeptos. En el presente, los perredistas no saben que rumbo lleva su nave.<\/p>\n<p>La simple alianza de los partidos para ganar no ser\u00e1 suficiente. Este a\u00f1o, se elegir\u00e1n gobernadores en Oaxaca, Tamaulipas, Durango, Aguascalientes, Hidalgo y Quintana Roo. Ya se sabr\u00e1 la dimensi\u00f3n de la alianza de los partidos. En este rengl\u00f3n, la competencia tambi\u00e9n la tendr\u00e1n Morena y Movimiento Ciudadano (MC). La organizaci\u00f3n guinda presume que ganar\u00e1 las seis entidades. No ser\u00e1 f\u00e1cil. Los panistas ya se dicen ganadores en Aguascalientes.\u00a0 Y el candidato del MC, Roberto Palazuelos, va dando tumbos.<\/p>\n<p>El escenario pol\u00edtico para la campa\u00f1a presidencial se encuentra en espera de los personajes de la oposici\u00f3n. En Morena, el destape adelantado de aspirantes alcanz\u00f3 a Claudia Sheinbaum, Marcelo Ebrard y Ricardo Monreal. En el PAN, PRI y PRD van atrasados. Ser\u00e1 en un futuro no lejano cuando empiecen a conocerse los nombres de los pol\u00edticos que aspiren a la candidatura presidencial \u00fanica, para aterrizar el proyecto pol\u00edtico de la oposici\u00f3n.<\/p>\n<p>\u00bfUsted qu\u00e9 opina amable lector?<\/p>\n<p><a href=\"mailto:aco2742@hotmail.com\" target=\"_blank\" rel=\"noopener noreferrer\"><em>aco2742@hotmail.com<\/em><\/a><\/p>\n","protected":false},"excerpt":{"rendered":"<p><span style=\"color: #005497;\"><strong>Augusto Corro<\/strong><\/span><\/p>\n","protected":false},"author":3,"featured_media":0,"comment_status":"open","ping_status":"open","sticky":false,"template":"","format":"standard","meta":{"_monsterinsights_skip_tracking":false,"_monsterinsights_sitenote_active":false,"_monsterinsights_sitenote_note":"","_monsterinsights_sitenote_category":0,"footnotes":""},"categories":[157],"tags":[43686,43674,11515],"class_list":["post-536006","post","type-post","status-publish","format-standard","hentry","category-augusto-corro","tag-augusto-corro","tag-opinion","tag-punto-por-punto"],"_links":{"self":[{"href":"https:\/\/www.diarioimagen.net\/index.php?rest_route=\/wp\/v2\/posts\/536006","targetHints":{"allow":["GET"]}}],"collection":[{"href":"https:\/\/www.diarioimagen.net\/index.php?rest_route=\/wp\/v2\/posts"}],"about":[{"href":"https:\/\/www.diarioimagen.net\/index.php?rest_route=\/wp\/v2\/types\/post"}],"author":[{"embeddable":true,"href":"https:\/\/www.diarioimagen.net\/index.php?rest_route=\/wp\/v2\/users\/3"}],"replies":[{"embeddable":true,"href":"https:\/\/www.diarioimagen.net\/index.php?rest_route=%2Fwp%2Fv2%2Fcomments&post=536006"}],"version-history":[{"count":0,"href":"https:\/\/www.diarioimagen.net\/index.php?rest_route=\/wp\/v2\/posts\/536006\/revisions"}],"wp:attachment":[{"href":"https:\/\/www.diarioimagen.net\/index.php?rest_route=%2Fwp%2Fv2%2Fmedia&parent=536006"}],"wp:term":[{"taxonomy":"category","embeddable":true,"href":"https:\/\/www.diarioimagen.net\/index.php?rest_route=%2Fwp%2Fv2%2Fcategories&post=536006"},{"taxonomy":"post_tag","embeddable":true,"href":"https:\/\/www.diarioimagen.net\/index.php?rest_route=%2Fwp%2Fv2%2Ftags&post=536006"}],"curies":[{"name":"wp","href":"https:\/\/api.w.org\/{rel}","templated":true}]}}