{"id":536008,"date":"2022-02-15T00:03:39","date_gmt":"2022-02-15T06:03:39","guid":{"rendered":"https:\/\/www.diarioimagen.net\/?p=536008"},"modified":"2022-02-15T01:34:04","modified_gmt":"2022-02-15T07:34:04","slug":"no-es-contra-loret-es-contra-el-periodismo","status":"publish","type":"post","link":"https:\/\/www.diarioimagen.net\/?p=536008","title":{"rendered":"No es contra Loret, es contra el periodismo"},"content":{"rendered":"<h2>Espacio Electoral<\/h2>\n<h5>Eleazar Flores<\/h5>\n<p>&nbsp;<\/p>\n<p><strong>SIGUEN MINTIENDO-.<\/strong> As\u00ed gane menos que muchos colegas m\u00e1s, \u201ctodos somos Loret\u201d es cierto, pues detr\u00e1s de los ataques a Carlos Loret de Mola est\u00e1 el lanzamiento presidencial contra la segunda profesi\u00f3n m\u00e1s antigua del mundo, el periodismo, enemigo ac\u00e9rrimo n\u00famero uno del padre de la Cuarta Transformaci\u00f3n.<\/p>\n<p>Prueba del lenguaje mendaz de la homil\u00eda ma\u00f1anera es que dando por cierto que \u201cJoserra\u201d ya trabaje, resulta que su trabajo \u201ces honorario!, palabras del propio tabasque\u00f1o. \u00bfY el gasto familiar de d\u00f3nde sale?. Ni piensa que es desobligado.<\/p>\n<p>\u00bfQui\u00e9n en su sano juicio cree que teniendo la \u201chonra\u201d de contar con un asesor de lujo como el hijo de un Presidente no pagarle nada? El empresario Daniel Ch\u00e1vez -patr\u00f3n de \u201cJoserra\u201d-, ser\u00e1 muy codo o estar\u00e1 muy comprometido con ya sabe qui\u00e9n.<\/p>\n<p>Adem\u00e1s, el Presidente advierte que este tema, el de Loret, seguir\u00e1, con todas las desventajas en contra del comunicador y todos los dem\u00e1s que traen la misma l\u00ednea anal\u00edtica,\u201cBrozo\u201d, Aristegui y dem\u00e1s-, pues mientras AMLO hace uso y abuso de los medios oficiales -canales 11, 14 y 22 m\u00e1s los que se suman-, los periodistas s\u00f3lo en sus espacios, por eso le digo que hay que leer.<\/p>\n<p>Otra mentira m\u00e1s del hijo predilecto de Macuspana es que \u201ctodo el tiempo\u201d, Loret se ha ocupado a atacar a la Cuarta Transformaci\u00f3n, lo que es f\u00e1cil de desmentir, pues de los a\u00f1os que lleva Latinus o las columnas en <em>El Universal<\/em>, los espacios acerca de AMLO, Morena y dem\u00e1s se han ocupado poco, pero las pocas veces que se habla de estos tres las repercusiones duran d\u00edas, semanas.<\/p>\n<p>La \u00faltima nota acerca de la \u201ccasita del bienestar\u201d en Texas habitada \u2014conste que no digo propiedad de\u2014, lleva con hoy m\u00e1s de una semana de comentarios, a favor y en contra, m\u00e1s el tiempo que se llegue a acumular, dada la amenaza presidencial de no dejar el tema..<\/p>\n<p><strong>SAT, SERVIL-.<\/strong> Muy mal rostro hacia el p\u00fablico y sobre todo hacia los causantes, produce el Sistema de Administraci\u00f3n Tributaria, al entregar m\u00e1s pronto que ya al Presidente de la Rep\u00fablica, la supuesta hoja de ingresos salariales del susodicho Carlos Loret de Mola. Esto sucedi\u00f3 exactamente la semana pasada, transgrediendo el mandatario todas las leyes fiscales en la materia.<\/p>\n<p>El padre de la Cuarta Transformaci\u00f3n dijo desde el p\u00falpito ma\u00f1anero \u201calguien me hizo llegar esta informaci\u00f3n\u201d, dicho con el cual el mandatario cree que le creemos esa versi\u00f3n, calific\u00e1ndonos con esa actitud que nacimos ayer, que poco respeto al pueblo, claro que sus adeptos le creen.<\/p>\n<p>Sin embargo, preocupa que do\u00f1a Raquel Buenrostro S\u00e1nchez sea tan diligente con los intereses presidenciales, sobre todo trat\u00e1ndose de sus \u201cenemigos\u201d.<\/p>\n<p><em><a href=\"mailto:elefa44@gmail.com\" target=\"_blank\" rel=\"noopener noreferrer\">elefa44@gmail.com<\/a><\/em><\/p>\n","protected":false},"excerpt":{"rendered":"<p><span style=\"color: #005497;\"><strong>Eleazar Flores<\/strong><\/span><\/p>\n","protected":false},"author":3,"featured_media":0,"comment_status":"open","ping_status":"open","sticky":false,"template":"","format":"standard","meta":{"_monsterinsights_skip_tracking":false,"_monsterinsights_sitenote_active":false,"_monsterinsights_sitenote_note":"","_monsterinsights_sitenote_category":0,"footnotes":""},"categories":[81743],"tags":[81744,81776,43674],"class_list":["post-536008","post","type-post","status-publish","format-standard","hentry","category-eleazar-flores","tag-eleazar-flores","tag-espacio-electoral","tag-opinion"],"_links":{"self":[{"href":"https:\/\/www.diarioimagen.net\/index.php?rest_route=\/wp\/v2\/posts\/536008","targetHints":{"allow":["GET"]}}],"collection":[{"href":"https:\/\/www.diarioimagen.net\/index.php?rest_route=\/wp\/v2\/posts"}],"about":[{"href":"https:\/\/www.diarioimagen.net\/index.php?rest_route=\/wp\/v2\/types\/post"}],"author":[{"embeddable":true,"href":"https:\/\/www.diarioimagen.net\/index.php?rest_route=\/wp\/v2\/users\/3"}],"replies":[{"embeddable":true,"href":"https:\/\/www.diarioimagen.net\/index.php?rest_route=%2Fwp%2Fv2%2Fcomments&post=536008"}],"version-history":[{"count":0,"href":"https:\/\/www.diarioimagen.net\/index.php?rest_route=\/wp\/v2\/posts\/536008\/revisions"}],"wp:attachment":[{"href":"https:\/\/www.diarioimagen.net\/index.php?rest_route=%2Fwp%2Fv2%2Fmedia&parent=536008"}],"wp:term":[{"taxonomy":"category","embeddable":true,"href":"https:\/\/www.diarioimagen.net\/index.php?rest_route=%2Fwp%2Fv2%2Fcategories&post=536008"},{"taxonomy":"post_tag","embeddable":true,"href":"https:\/\/www.diarioimagen.net\/index.php?rest_route=%2Fwp%2Fv2%2Ftags&post=536008"}],"curies":[{"name":"wp","href":"https:\/\/api.w.org\/{rel}","templated":true}]}}