{"id":536118,"date":"2022-02-16T00:04:42","date_gmt":"2022-02-16T06:04:42","guid":{"rendered":"https:\/\/www.diarioimagen.net\/?p=536118"},"modified":"2022-02-16T04:24:55","modified_gmt":"2022-02-16T10:24:55","slug":"con-el-programa-bodas-comunitarias-50-parejas-contraen-nupcias-en-cuautitlan","status":"publish","type":"post","link":"https:\/\/www.diarioimagen.net\/?p=536118","title":{"rendered":"Con el programa \u201cBodas Comunitarias\u201d, 50 parejas contraen nupcias en Cuautitl\u00e1n"},"content":{"rendered":"<p>&nbsp;<\/p>\n<ul>\n<li><strong><em>Tr\u00e1mites de manera gratuita<\/em><\/strong><\/li>\n<\/ul>\n<p>&nbsp;<\/p>\n<div id=\"attachment_536232\" style=\"width: 470px\" class=\"wp-caption aligncenter\"><a href=\"https:\/\/www.diarioimagen.net\/?attachment_id=536232\" rel=\"attachment wp-att-536232\"><img loading=\"lazy\" decoding=\"async\" aria-describedby=\"caption-attachment-536232\" class=\"size-full wp-image-536232\" src=\"https:\/\/www.diarioimagen.net\/wp-content\/uploads\/2022\/02\/cuautitlan-2.jpg\" alt=\"\" width=\"460\" height=\"270\" \/><\/a><p id=\"caption-attachment-536232\" class=\"wp-caption-text\">En Cuautitl\u00e1n, 50 parejas del municipio contrajeron nupcias con el programa \u201cBodas Comunitarias\u201d, a trav\u00e9s del cual realizaron sus tr\u00e1mites en el Registro Civil de manera gratuita.<\/p><\/div>\n<p>&nbsp;<\/p>\n<p><strong>Cuautitl\u00e1n, Estado de M\u00e9xico.\u2014<\/strong> En el marco del D\u00eda del Amor y la Amistad, 50 parejas del municipio contrajeron nupcias con el programa \u201cBodas Comunitarias\u201d, a trav\u00e9s del cual realizaron sus tr\u00e1mites en el Registro Civil de manera gratuita.<\/p>\n<p>El programa tiene la finalidad de consolidar la uni\u00f3n familiar a trav\u00e9s del matrimonio como base de la sociedad, por lo que, el Sistema DIF Cuautitl\u00e1n y el Registro Civil del Estado de M\u00e9xico trabajaron de manera conjunta para llevar este beneficio a los nuevos esposos.<\/p>\n<p>Las parejas integradas en su mayor\u00eda por j\u00f3venes y otras m\u00e1s por adultos mayores se dieron el \u00a1S\u00ed acepto! durante la ceremonia del Matrimonio Civil con muestras de amor y felicidad.<\/p>\n<p>Los beneficiarios se\u00f1alaron que iniciaron su tr\u00e1mite el 31 de enero, con la entrega de sus documentos en las Oficinas Centrales del DIF Cuautitl\u00e1n, donde recibieron apoyo para complementar los requisitos solicitados por el Registro Civil para contraer matrimonio, el cual no tuvo costo.<\/p>\n<p>En el evento se cont\u00f3 con la presencia del director general del Registro Civil Estado de M\u00e9xico, C\u00e9sar Enrique S\u00e1nchez Mill\u00e1n; del subdirector de la zona nororiente, Mariano Ruiz Zubieta; y del oficial del Registro Civil Cuautitl\u00e1n, Esperanza Garc\u00eda Mart\u00ednez, entre otros.<\/p>\n","protected":false},"excerpt":{"rendered":"<p>En el marco del D\u00eda del Amor y la Amistad, 50 parejas del municipio contrajeron nupcias con el programa \u201cBodas Comunitarias\u201d, a trav\u00e9s del cual realizaron sus tr\u00e1mites en el Registro Civil de manera gratuita.<\/p>\n","protected":false},"author":3,"featured_media":536232,"comment_status":"open","ping_status":"open","sticky":false,"template":"","format":"standard","meta":{"_monsterinsights_skip_tracking":false,"_monsterinsights_sitenote_active":false,"_monsterinsights_sitenote_note":"","_monsterinsights_sitenote_category":0,"footnotes":""},"categories":[5],"tags":[90132,681,43675,94614],"class_list":["post-536118","post","type-post","status-publish","format-standard","has-post-thumbnail","hentry","category-estado-de-mexico","tag-bodas-comunitarias","tag-cuautitlan","tag-estado-de-mexico","tag-nupcias"],"_links":{"self":[{"href":"https:\/\/www.diarioimagen.net\/index.php?rest_route=\/wp\/v2\/posts\/536118","targetHints":{"allow":["GET"]}}],"collection":[{"href":"https:\/\/www.diarioimagen.net\/index.php?rest_route=\/wp\/v2\/posts"}],"about":[{"href":"https:\/\/www.diarioimagen.net\/index.php?rest_route=\/wp\/v2\/types\/post"}],"author":[{"embeddable":true,"href":"https:\/\/www.diarioimagen.net\/index.php?rest_route=\/wp\/v2\/users\/3"}],"replies":[{"embeddable":true,"href":"https:\/\/www.diarioimagen.net\/index.php?rest_route=%2Fwp%2Fv2%2Fcomments&post=536118"}],"version-history":[{"count":0,"href":"https:\/\/www.diarioimagen.net\/index.php?rest_route=\/wp\/v2\/posts\/536118\/revisions"}],"wp:featuredmedia":[{"embeddable":true,"href":"https:\/\/www.diarioimagen.net\/index.php?rest_route=\/wp\/v2\/media\/536232"}],"wp:attachment":[{"href":"https:\/\/www.diarioimagen.net\/index.php?rest_route=%2Fwp%2Fv2%2Fmedia&parent=536118"}],"wp:term":[{"taxonomy":"category","embeddable":true,"href":"https:\/\/www.diarioimagen.net\/index.php?rest_route=%2Fwp%2Fv2%2Fcategories&post=536118"},{"taxonomy":"post_tag","embeddable":true,"href":"https:\/\/www.diarioimagen.net\/index.php?rest_route=%2Fwp%2Fv2%2Ftags&post=536118"}],"curies":[{"name":"wp","href":"https:\/\/api.w.org\/{rel}","templated":true}]}}