{"id":536121,"date":"2022-02-16T00:03:54","date_gmt":"2022-02-16T06:03:54","guid":{"rendered":"https:\/\/www.diarioimagen.net\/?p=536121"},"modified":"2022-02-16T04:24:11","modified_gmt":"2022-02-16T10:24:11","slug":"instalan-en-huixquilucan-comision-edilicia-transitoria-para-elegir-autoridades-auxiliares","status":"publish","type":"post","link":"https:\/\/www.diarioimagen.net\/?p=536121","title":{"rendered":"Instalan en Huixquilucan comisi\u00f3n edilicia transitoria para elegir autoridades auxiliares"},"content":{"rendered":"<p>&nbsp;<\/p>\n<ul>\n<li><strong><em>Incentivan la participaci\u00f3n ciudadana<\/em><\/strong><\/li>\n<\/ul>\n<p>&nbsp;<\/p>\n<div id=\"attachment_536229\" style=\"width: 470px\" class=\"wp-caption aligncenter\"><a href=\"https:\/\/www.diarioimagen.net\/?attachment_id=536229\" rel=\"attachment wp-att-536229\"><img loading=\"lazy\" decoding=\"async\" aria-describedby=\"caption-attachment-536229\" class=\"size-full wp-image-536229\" src=\"https:\/\/www.diarioimagen.net\/wp-content\/uploads\/2022\/02\/huixquilucan-11.jpg\" alt=\"\" width=\"460\" height=\"270\" \/><\/a><p id=\"caption-attachment-536229\" class=\"wp-caption-text\">Instalan en Huixquilucan la Comisi\u00f3n Edilicia Transitoria para el Procedimiento de Elecci\u00f3n de Autoridades Auxiliares Municipales y Consejos de Participaci\u00f3n Ciudadana.<\/p><\/div>\n<p>&nbsp;<\/p>\n<p><strong>Huixquilucan, Estado de M\u00e9xico.\u2014<\/strong> El Ayuntamiento de Huixquilucan instal\u00f3 la Comisi\u00f3n Edilicia Transitoria para el Procedimiento de Elecci\u00f3n de Autoridades Auxiliares Municipales y Consejos de Participaci\u00f3n Ciudadana para el periodo 2022-2024, con el prop\u00f3sito de contar con un \u00f3rgano plural y de consensos que permita el desarrollo adecuado y ordenado de estos comicios en cada una de las comunidades del territorio local, adem\u00e1s de incentivar la participaci\u00f3n ciudadana.<\/p>\n<p>Luego de rendir protesta como presidente de dicha Comisi\u00f3n Edilicia, el s\u00edndico municipal se\u00f1al\u00f3 que ser\u00e1 un proceso breve pero intenso, el cual se caracterizar\u00e1 por ser un \u00f3rgano de acuerdos, en donde todos sus integrantes trabajar\u00e1n para marcar un precedente en la forma de alcanzar consensos, anteponiendo el adecuado desarrollo de las elecciones en cada comunidad del municipio.<\/p>\n<p>\u201c\u00c9sta es una uni\u00f3n de esfuerzos, vamos a sacar adelante todo un proceso y ser\u00e1 una fiesta democr\u00e1tica. Agradezco los esfuerzos de todas las \u00e1reas del gobierno municipal para demostrar que vamos de la mano por el bien de Huixquilucan\u201d, asever\u00f3.<\/p>\n<p>La Comisi\u00f3n Edilicia Transitoria est\u00e1 integrada por el s\u00edndico municipal, como presidente; primera regidora, como secretaria; octavo regidor, como vocal primero; quinta regidora, como vocal segunda; sexto regidor, como vocal tercero; y novena regidora, como vocal cuarta. Al asistir a la instalaci\u00f3n e inicio de sesiones de la Comisi\u00f3n, el director de Gobierno, destac\u00f3 la puesta en marcha de este \u00f3rgano, ya que es el inicio del procedimiento para elegir a las autoridades auxiliares municipales, las cuales son el primer contacto con las y los huixquiluquenses.<\/p>\n<p>\u201cLos Consejos de Participaci\u00f3n Ciudadana (Copacis) y delegados representan el primer encuentro de toda administraci\u00f3n municipal con las necesidades de los ciudadanos, y es un proceso important\u00edsimo en la vida municipal. Cuentan con todo el apoyo de la Direcci\u00f3n de Gobierno para llevar a cabo este gran evento, que es una elecci\u00f3n de ciudadanos que van a representar a sus comunidades\u201d, se\u00f1al\u00f3.<\/p>\n<p>El director de Gobierno detall\u00f3 que es una actividad esencial en la vida municipal, por lo que resalt\u00f3 la visi\u00f3n de la presidenta municipal para conformar una comisi\u00f3n plural, lo que permite que todas las visiones est\u00e9n plasmadas en un \u00f3rgano que coadyuvar\u00e1 en la elecci\u00f3n de quienes representar\u00e1n a sus comunidades, por lo que\u00a0augur\u00f3\u00a0resultados positivos.<\/p>\n<p>Durante la instalaci\u00f3n y toma de protesta de los integrantes de esta Comisi\u00f3n Edilicia estuvieron presentes el secretario t\u00e9cnico del gobierno municipal, el director Jur\u00eddico y el titular de la Unidad de Transparencia.<\/p>\n","protected":false},"excerpt":{"rendered":"<p>El Ayuntamiento de Huixquilucan instal\u00f3 la Comisi\u00f3n Edilicia Transitoria para el Procedimiento de Elecci\u00f3n de Autoridades Auxiliares Municipales y Consejos de Participaci\u00f3n Ciudadana para el periodo 2022-2024, con el prop\u00f3sito de contar con un \u00f3rgano plural y de consensos que permita el desarrollo adecuado y ordenado de estos comicios en cada una de las comunidades del territorio local, adem\u00e1s de incentivar la participaci\u00f3n ciudadana.<\/p>\n","protected":false},"author":3,"featured_media":536229,"comment_status":"open","ping_status":"open","sticky":false,"template":"","format":"standard","meta":{"_monsterinsights_skip_tracking":false,"_monsterinsights_sitenote_active":false,"_monsterinsights_sitenote_note":"","_monsterinsights_sitenote_category":0,"footnotes":""},"categories":[5],"tags":[48109,43675,1097,94616],"class_list":["post-536121","post","type-post","status-publish","format-standard","has-post-thumbnail","hentry","category-estado-de-mexico","tag-auxiliares","tag-estado-de-mexico","tag-huixquilucan","tag-transitoria"],"_links":{"self":[{"href":"https:\/\/www.diarioimagen.net\/index.php?rest_route=\/wp\/v2\/posts\/536121","targetHints":{"allow":["GET"]}}],"collection":[{"href":"https:\/\/www.diarioimagen.net\/index.php?rest_route=\/wp\/v2\/posts"}],"about":[{"href":"https:\/\/www.diarioimagen.net\/index.php?rest_route=\/wp\/v2\/types\/post"}],"author":[{"embeddable":true,"href":"https:\/\/www.diarioimagen.net\/index.php?rest_route=\/wp\/v2\/users\/3"}],"replies":[{"embeddable":true,"href":"https:\/\/www.diarioimagen.net\/index.php?rest_route=%2Fwp%2Fv2%2Fcomments&post=536121"}],"version-history":[{"count":0,"href":"https:\/\/www.diarioimagen.net\/index.php?rest_route=\/wp\/v2\/posts\/536121\/revisions"}],"wp:featuredmedia":[{"embeddable":true,"href":"https:\/\/www.diarioimagen.net\/index.php?rest_route=\/wp\/v2\/media\/536229"}],"wp:attachment":[{"href":"https:\/\/www.diarioimagen.net\/index.php?rest_route=%2Fwp%2Fv2%2Fmedia&parent=536121"}],"wp:term":[{"taxonomy":"category","embeddable":true,"href":"https:\/\/www.diarioimagen.net\/index.php?rest_route=%2Fwp%2Fv2%2Fcategories&post=536121"},{"taxonomy":"post_tag","embeddable":true,"href":"https:\/\/www.diarioimagen.net\/index.php?rest_route=%2Fwp%2Fv2%2Ftags&post=536121"}],"curies":[{"name":"wp","href":"https:\/\/api.w.org\/{rel}","templated":true}]}}