{"id":536123,"date":"2022-02-16T00:01:28","date_gmt":"2022-02-16T06:01:28","guid":{"rendered":"https:\/\/www.diarioimagen.net\/?p=536123"},"modified":"2022-02-16T04:29:53","modified_gmt":"2022-02-16T10:29:53","slug":"en-cuautitlan-izcalli-fomentan-la-salud-a-traves-de-tarde-de-retas-suena-sin-miedo-entrena-sin-limites","status":"publish","type":"post","link":"https:\/\/www.diarioimagen.net\/?p=536123","title":{"rendered":"En Cuautitl\u00e1n Izcalli fomentan la salud a trav\u00e9s de Tarde de Retas, \u201cSue\u00f1a sin miedo, entrena sin l\u00edmites\u201d"},"content":{"rendered":"<p>&nbsp;<\/p>\n<p><a href=\"https:\/\/www.diarioimagen.net\/?attachment_id=536237\" rel=\"attachment wp-att-536237\"><img loading=\"lazy\" decoding=\"async\" class=\"aligncenter size-full wp-image-536237\" src=\"https:\/\/www.diarioimagen.net\/wp-content\/uploads\/2022\/02\/izcalli-9.jpg\" alt=\"\" width=\"460\" height=\"270\" \/><\/a><\/p>\n<p>&nbsp;<\/p>\n<p><strong>Cuautitl\u00e1n Izcalli, Estado de M\u00e9xico.\u2014<\/strong> El gobierno municipal a trav\u00e9s del Instituto Municipal del Deporte de Cuautitl\u00e1n Izcalli (INMUDECI), realizaron la Tarde de Retas \u201cSue\u00f1a sin miedo, entrena sin l\u00edmites\u201d, en espacios p\u00fablicos de la demarcaci\u00f3n ubicados en el parque Espejo de los Lirios, los cuales fueron rehabilitados para incentivar la salud f\u00edsica, desarrollar la capacidad social, el trabajo colaborativo, la integraci\u00f3n, la participaci\u00f3n ciudadana y el deporte.<\/p>\n<p>La presidenta municipal reconoci\u00f3 el talento deportivo de las ni\u00f1as y ni\u00f1os, quienes con el deporte generan un impacto positivo en sus vidas y en su salud. Felicit\u00f3 y agradeci\u00f3 la participaci\u00f3n de los padres de familia por fomentar el deporte en sus hijos, as\u00ed como la sana convivencia y la activaci\u00f3n f\u00edsica.<\/p>\n","protected":false},"excerpt":{"rendered":"<p>El gobierno municipal a trav\u00e9s del Instituto Municipal del Deporte de Cuautitl\u00e1n Izcalli (INMUDECI), realizaron la Tarde de Retas \u201cSue\u00f1a sin miedo, entrena sin l\u00edmites\u201d, en espacios p\u00fablicos de la demarcaci\u00f3n ubicados en el parque Espejo de los Lirios, los cuales fueron rehabilitados para incentivar la salud f\u00edsica, desarrollar la capacidad social, el trabajo colaborativo, la integraci\u00f3n, la participaci\u00f3n ciudadana y el deporte.<\/p>\n","protected":false},"author":3,"featured_media":536237,"comment_status":"open","ping_status":"open","sticky":false,"template":"","format":"standard","meta":{"_monsterinsights_skip_tracking":false,"_monsterinsights_sitenote_active":false,"_monsterinsights_sitenote_note":"","_monsterinsights_sitenote_category":0,"footnotes":""},"categories":[5],"tags":[971,43675,94047,94617],"class_list":["post-536123","post","type-post","status-publish","format-standard","has-post-thumbnail","hentry","category-estado-de-mexico","tag-cuautitlan-izcalli","tag-estado-de-mexico","tag-limites","tag-tarde-de-retas"],"_links":{"self":[{"href":"https:\/\/www.diarioimagen.net\/index.php?rest_route=\/wp\/v2\/posts\/536123","targetHints":{"allow":["GET"]}}],"collection":[{"href":"https:\/\/www.diarioimagen.net\/index.php?rest_route=\/wp\/v2\/posts"}],"about":[{"href":"https:\/\/www.diarioimagen.net\/index.php?rest_route=\/wp\/v2\/types\/post"}],"author":[{"embeddable":true,"href":"https:\/\/www.diarioimagen.net\/index.php?rest_route=\/wp\/v2\/users\/3"}],"replies":[{"embeddable":true,"href":"https:\/\/www.diarioimagen.net\/index.php?rest_route=%2Fwp%2Fv2%2Fcomments&post=536123"}],"version-history":[{"count":0,"href":"https:\/\/www.diarioimagen.net\/index.php?rest_route=\/wp\/v2\/posts\/536123\/revisions"}],"wp:featuredmedia":[{"embeddable":true,"href":"https:\/\/www.diarioimagen.net\/index.php?rest_route=\/wp\/v2\/media\/536237"}],"wp:attachment":[{"href":"https:\/\/www.diarioimagen.net\/index.php?rest_route=%2Fwp%2Fv2%2Fmedia&parent=536123"}],"wp:term":[{"taxonomy":"category","embeddable":true,"href":"https:\/\/www.diarioimagen.net\/index.php?rest_route=%2Fwp%2Fv2%2Fcategories&post=536123"},{"taxonomy":"post_tag","embeddable":true,"href":"https:\/\/www.diarioimagen.net\/index.php?rest_route=%2Fwp%2Fv2%2Ftags&post=536123"}],"curies":[{"name":"wp","href":"https:\/\/api.w.org\/{rel}","templated":true}]}}