{"id":536154,"date":"2022-02-16T00:15:32","date_gmt":"2022-02-16T06:15:32","guid":{"rendered":"https:\/\/www.diarioimagen.net\/?p=536154"},"modified":"2022-02-18T01:16:46","modified_gmt":"2022-02-18T07:16:46","slug":"no-me-ayudes-compadre","status":"publish","type":"post","link":"https:\/\/www.diarioimagen.net\/?p=536154","title":{"rendered":"No me ayudes compadre"},"content":{"rendered":"<h2>Por la Derecha..!<\/h2>\n<h5>Luis \u00c1ngel Garc\u00eda<\/h5>\n<p>&nbsp;<\/p>\n<p>La respuesta tard\u00eda de Jos\u00e9 Ram\u00f3n L\u00f3pez Beltr\u00e1n a la investigaci\u00f3n de Latinus no explica por qu\u00e9 tiene ese nivel de vida, de jeque \u00e1rabe. Quiso exonerarse y lavar la imagen del Presidente, pero solo complic\u00f3 m\u00e1s las cosas y ahora, adem\u00e1s de no llevar los preceptos de austeridad franciscana que impulsa su padre, result\u00f3 un \u201caspiracionista\u201d mentiroso.<\/p>\n<p>En una misiva enviada la noche del domingo, dice que decidi\u00f3 radicar en Estados Unidos, donde es asesor legal de una empresa y que cuenta con permiso para ello. Pero ahora se sabe que el negocio es de los hijos de un empresario benefactor de la 4T que supervisa la construcci\u00f3n del Tren Maya a nombre del primer mandatario, claro es un cargo \u201chonor\u00edfico\u201d y don\u00f3 un terreno de dos mil hect\u00e1reas en Puerto Pe\u00f1asco para la construcci\u00f3n de un parque solar de la CFE. Pero la compa\u00f1\u00eda donde dice que labora L\u00f3pez Beltr\u00e1n se fund\u00f3 apenas hace tres a\u00f1os, justo cuando se fue a vivir a la mansi\u00f3n que no ten\u00eda ni Pe\u00f1a Nieto, mucho menos Obama. M\u00e1s a\u00fan, la direcci\u00f3n electr\u00f3nica que da sobre el negocio inmobiliario, empez\u00f3 a moverse horas antes de que enviara su carta respuesta.<\/p>\n<p>Dice Jos\u00e9 Ram\u00f3n que ejerce como abogado, pero diversas fuentes consultaron la base de datos de la Barra de Abogados de Texas y no aparece \u00e9l como reconocido para desempe\u00f1ar la funci\u00f3n de abogado. Es m\u00e1s, comentan que para darse de alta es muy complicado y que lleva a\u00f1os, m\u00ednimo dos, para que se reconozcan y validen los estudios universitarios, tomar cursos, presentar ex\u00e1menes y un largo etc\u00e9tera.<\/p>\n<p>Por supuesto que nadie cree en lo declarado por el junior, quien tampoco tiene experiencia profesional, ya que se consult\u00f3 en el IMSS si hab\u00eda cotizado para alguna empresa y aparece con cero semanas cotizadas. Pudo haber trabajado por su cuenta, pero en la informalidad, ya que no se dio de alta en Hacienda, que pudo haber detectado que no aport\u00f3 a la seguridad social.<\/p>\n<p>Mal y de malas, ya que, en la ma\u00f1anera de este lunes, tampoco el Presidente pudo marcar la agenda, por lo que tuvo que recurrir otra vez al caso Loret para descalificarlo y amenazar nuevamente al periodista y de paso a la empresa donde trabaj\u00f3 para que \u201ctransparenten\u201d los pagos que hicieron. Embolet\u00f3 tambi\u00e9n al INAI para que investigue el origen de los ingresos del reportero y de Televisa, por ser -dijo-, concesionaria de un bien p\u00fablico.<\/p>\n<p>Pero aun sin dejar t\u00edtere con cabeza, no pudo distraer la conversaci\u00f3n p\u00fablica, las audiencias siguen cuestionando el doble lenguaje de la 4T. Seguramente en las pr\u00f3ximas mediciones de su popularidad, \u00e9sta caer\u00e1 algunos puntos. Durante las siguientes semanas retomar\u00e1 su narrativa para marcar la agenda, pero ser\u00e1 muy cuidadoso de no hablar de la corrupci\u00f3n neoliberal, ya que le podr\u00e1n revirar el tema de la \u201cCasa gris\u201d. Por primera vez en este sexenio le fall\u00f3 el manejo de riesgos y crisis.<\/p>\n<p>Mientras tanto, quedan dos grandes temas que parece soslayar, uno es de las violaciones flagrantes a la Constituci\u00f3n y leyes secundarias por parte del Ejecutivo, que seguramente lo tienen sin cuidado porque no habr\u00e1 juez que lo quiera enjuiciar y lo que parece tenerlo tambi\u00e9n sin cuidado: el asesinato de seis periodistas y dos tentativas de homicidio a comunicadores. Para ambos casos, \u00e9l tiene otros datos.<\/p>\n","protected":false},"excerpt":{"rendered":"<p><span style=\"color: #005497;\"><strong>Luis \u00c1ngel Garc\u00eda<\/strong><\/span><br \/>\n<br \/>\nLa respuesta tard\u00eda de Jos\u00e9 Ram\u00f3n L\u00f3pez Beltr\u00e1n a la investigaci\u00f3n de Latinus no explica por qu\u00e9 tiene ese nivel de vida, de jeque \u00e1rabe. Quiso exonerarse y lavar la imagen del Presidente, pero solo complic\u00f3 m\u00e1s las cosas y ahora, adem\u00e1s de no llevar los preceptos de austeridad franciscana que impulsa su padre, result\u00f3 un \u201caspiracionista\u201d mentiroso.<\/p>\n","protected":false},"author":3,"featured_media":0,"comment_status":"open","ping_status":"open","sticky":false,"template":"","format":"standard","meta":{"_monsterinsights_skip_tracking":false,"_monsterinsights_sitenote_active":false,"_monsterinsights_sitenote_note":"","_monsterinsights_sitenote_category":0,"footnotes":""},"categories":[92115],"tags":[92117,43674,92116],"class_list":["post-536154","post","type-post","status-publish","format-standard","hentry","category-luis-angel-garcia","tag-luis-angel-garcia","tag-opinion","tag-por-la-derecha"],"_links":{"self":[{"href":"https:\/\/www.diarioimagen.net\/index.php?rest_route=\/wp\/v2\/posts\/536154","targetHints":{"allow":["GET"]}}],"collection":[{"href":"https:\/\/www.diarioimagen.net\/index.php?rest_route=\/wp\/v2\/posts"}],"about":[{"href":"https:\/\/www.diarioimagen.net\/index.php?rest_route=\/wp\/v2\/types\/post"}],"author":[{"embeddable":true,"href":"https:\/\/www.diarioimagen.net\/index.php?rest_route=\/wp\/v2\/users\/3"}],"replies":[{"embeddable":true,"href":"https:\/\/www.diarioimagen.net\/index.php?rest_route=%2Fwp%2Fv2%2Fcomments&post=536154"}],"version-history":[{"count":0,"href":"https:\/\/www.diarioimagen.net\/index.php?rest_route=\/wp\/v2\/posts\/536154\/revisions"}],"wp:attachment":[{"href":"https:\/\/www.diarioimagen.net\/index.php?rest_route=%2Fwp%2Fv2%2Fmedia&parent=536154"}],"wp:term":[{"taxonomy":"category","embeddable":true,"href":"https:\/\/www.diarioimagen.net\/index.php?rest_route=%2Fwp%2Fv2%2Fcategories&post=536154"},{"taxonomy":"post_tag","embeddable":true,"href":"https:\/\/www.diarioimagen.net\/index.php?rest_route=%2Fwp%2Fv2%2Ftags&post=536154"}],"curies":[{"name":"wp","href":"https:\/\/api.w.org\/{rel}","templated":true}]}}