{"id":536161,"date":"2022-02-16T00:05:31","date_gmt":"2022-02-16T06:05:31","guid":{"rendered":"https:\/\/www.diarioimagen.net\/?p=536161"},"modified":"2022-02-16T01:02:04","modified_gmt":"2022-02-16T07:02:04","slug":"los-golpistas","status":"publish","type":"post","link":"https:\/\/www.diarioimagen.net\/?p=536161","title":{"rendered":"Los \u201cgolpistas\u201d"},"content":{"rendered":"<h2>Desde el portal<\/h2>\n<h5>\u00c1ngel Soriano<\/h5>\n<p>&nbsp;<\/p>\n<p>El presidente Andr\u00e9s Manuel L\u00f3pez Obrador advirti\u00f3 que no dejar\u00e1 el terreno libre a los \u201cgolpistas\u201d que desean frenar los cambios que viene impulsando su administraci\u00f3n para seguir conservando sus privilegios, por lo cual consider\u00f3 sano el debate iniciado, respecto a la acumulaci\u00f3n de fortunas al amparo del poder y de la situaci\u00f3n de miseria de la mayor\u00eda del pueblo de M\u00e9xico.<\/p>\n<p>Los poderosos grupos econ\u00f3micos nacionales asociados con los extranjeros financian medios y comunicadores para atacar al r\u00e9gimen como medida de presi\u00f3n para conservar sus concesiones, permisos y jugosas tajadas publicitarias a las que estaban acostumbradas en gobiernos anteriores, de ah\u00ed que la embestida en su contra tiene un inter\u00e9s que no es el del pueblo de M\u00e9xico.<\/p>\n<p>Esta revelaci\u00f3n, ampliamente conocida desde hace d\u00e9cadas, se sale de contexto porque est\u00e1bamos acostumbrados a aceptar esa realidad, la misma que nadie se atrev\u00eda a denunciar y menos pedir justicia y equidad para evitar que unos cuantos se apoderaron del erario y mantuvieran privilegios en todos los aspectos de la vida nacional.<\/p>\n<p>El mismo Presidente se pregunta y pregunta a los poderosos comunicadores \u00bfy c\u00f3mo es que hicieron tanto dinero?, lo cual da motivo a una amplia explicaci\u00f3n para saber si es que medios y periodistas est\u00e1n al servicio de la sociedad o de unos cuantos grupos corporativos nacionales y extranjeros que quieren seguir conservando al pa\u00eds como territorio de conquista.<\/p>\n<p style=\"text-align: center;\"><strong>Turbulencias<br \/>\nLamentable deceso de Mario Medina<\/strong><\/p>\n<p>Nuestro m\u00e1s sentido p\u00e9same a la familia de nuestro compa\u00f1ero y amigo Mario Medina Torres, din\u00e1mico promotor cultural y fil\u00e1ntropo que, desde la trinchera de los espacios radiof\u00f3nicos con que contaba, promov\u00eda acciones altruistas en beneficio de los que menos tienen. En los \u00faltimos d\u00edas luch\u00f3 al lado de su familia contra la enfermedad que le aquejaba y finalmente perdi\u00f3 la batalla, tras una larga lucha en vida que muchos le reconocemos\u2026 Y mientras tanto, el subsecretario Hugo L\u00f3pez-Gatell se\u00f1ala que la pandemia va a la baja y se reduce el n\u00famero de hospitalizaciones, mientras en varios pa\u00edses europeos se han eliminado las medidas protocolarias como la sana distancia y el uso de cubrebocas, sin embargo, la realidad demuestra que el virus sigue presente\u2026 La lucha por el control de los espacios p\u00fablicos en la Ciudad de M\u00e9xico degener\u00f3 ya en una lucha pol\u00edtica por el control de la administraci\u00f3n p\u00fablica. Se reaviv\u00f3 el diferendo entre la jefa de Gobierno, Claudia Sheinbaum Pardo y la alcaldesa en Cuauht\u00e9moc, Sandra Cuevas, que enarbola la oposici\u00f3n. La fracci\u00f3n parlamentaria del PAN en la C\u00e1mara de Diputados local extern\u00f3 su apoyo a Cuevas al considerar que las acusaciones en contra de la alcaldesa tiene origen pol\u00edtico y no de reordenamiento de la v\u00eda p\u00fablica. Resulta incre\u00edble que una funcionaria haya amenazado y agredido a dos mandos policiacos que s\u00f3lo reciben \u00f3rdenes y no tienen ning\u00fan poder de decisi\u00f3n sobre asuntos de gobierno, pero esto s\u00f3lo lo podr\u00e1 determinar las autoridades judiciales encargadas de la aplicaci\u00f3n de la justicia\u2026 Definida la lucha entre transformadores y conservadores, famosos periodistas que han acumulado grandes fortunas al amparo del poder, tendr\u00e1n que rendir cuentas al fisco para transparentar el origen de sus ingresos. Esto desde luego nada tiene que ver con la libertad de expresi\u00f3n ni con el aumento de las ejecuciones de periodistas, sino es simple y sencillamente un tr\u00e1fico de influencia desde los medios de comunicaci\u00f3n, instrumento de enriquecimiento de grandes empresarios que han despojado de sus centros de trabajo a aut\u00e9nticos comunicadores. Ojal\u00e1 y ahora s\u00ed impere la justicia en favor de los aut\u00e9nticos comunicadores, no empresarios.<\/p>\n<p><u><a href=\"mailto:asorianocarrasco@yahoo.com\" target=\"_blank\" rel=\"noopener noreferrer\"><em>asorianocarrasco@yahoo.com<\/em><\/a><br \/>\n<em><a href=\"https:\/\/revistabrecha.com\" target=\"_blank\" rel=\"noopener noreferrer\">www.revistabrecha.com<\/a><br \/>\n<a href=\"https:\/\/twitter.com\/brecharevista\" target=\"_blank\" rel=\"noopener noreferrer\">@BrechaRevista<\/a><\/em><\/u><\/p>\n","protected":false},"excerpt":{"rendered":"<p><span style=\"color: #005497;\"><strong>\u00c1ngel Soriano<\/strong><\/span><\/p>\n","protected":false},"author":3,"featured_media":0,"comment_status":"open","ping_status":"open","sticky":false,"template":"","format":"standard","meta":{"_monsterinsights_skip_tracking":false,"_monsterinsights_sitenote_active":false,"_monsterinsights_sitenote_note":"","_monsterinsights_sitenote_category":0,"footnotes":""},"categories":[135],"tags":[85,86,43674],"class_list":["post-536161","post","type-post","status-publish","format-standard","hentry","category-angel-soriano-opinion","tag-angel-soriano","tag-desde-el-portal","tag-opinion"],"_links":{"self":[{"href":"https:\/\/www.diarioimagen.net\/index.php?rest_route=\/wp\/v2\/posts\/536161","targetHints":{"allow":["GET"]}}],"collection":[{"href":"https:\/\/www.diarioimagen.net\/index.php?rest_route=\/wp\/v2\/posts"}],"about":[{"href":"https:\/\/www.diarioimagen.net\/index.php?rest_route=\/wp\/v2\/types\/post"}],"author":[{"embeddable":true,"href":"https:\/\/www.diarioimagen.net\/index.php?rest_route=\/wp\/v2\/users\/3"}],"replies":[{"embeddable":true,"href":"https:\/\/www.diarioimagen.net\/index.php?rest_route=%2Fwp%2Fv2%2Fcomments&post=536161"}],"version-history":[{"count":0,"href":"https:\/\/www.diarioimagen.net\/index.php?rest_route=\/wp\/v2\/posts\/536161\/revisions"}],"wp:attachment":[{"href":"https:\/\/www.diarioimagen.net\/index.php?rest_route=%2Fwp%2Fv2%2Fmedia&parent=536161"}],"wp:term":[{"taxonomy":"category","embeddable":true,"href":"https:\/\/www.diarioimagen.net\/index.php?rest_route=%2Fwp%2Fv2%2Fcategories&post=536161"},{"taxonomy":"post_tag","embeddable":true,"href":"https:\/\/www.diarioimagen.net\/index.php?rest_route=%2Fwp%2Fv2%2Ftags&post=536161"}],"curies":[{"name":"wp","href":"https:\/\/api.w.org\/{rel}","templated":true}]}}