{"id":536168,"date":"2022-02-16T00:08:52","date_gmt":"2022-02-16T06:08:52","guid":{"rendered":"https:\/\/www.diarioimagen.net\/?p=536168"},"modified":"2022-02-16T01:06:22","modified_gmt":"2022-02-16T07:06:22","slug":"oposicion-debil","status":"publish","type":"post","link":"https:\/\/www.diarioimagen.net\/?p=536168","title":{"rendered":"Oposici\u00f3n d\u00e9bil"},"content":{"rendered":"<h2>Punto por punto<\/h2>\n<h5>Augusto Corro<\/h5>\n<p>&nbsp;<\/p>\n<p>El priista Enrique de la Madrid, hijo del ex presidente Miguel de la Madrid, ya manifest\u00f3 que buscar\u00e1 la candidatura \u00fanica de la oposici\u00f3n para la contienda electoral de 2024. En el escenario pol\u00edtico es uno de los priistas que aparecen en la lista de presuntos aspirantes a competir por la silla presidencial.<\/p>\n<p>En el Partido Revolucionario Institucional (PRI) han guardado silencio en torno a las actividades del priista, quien se desempe\u00f1\u00f3 como secretario de Turismo en el gobierno de Enrique Pe\u00f1a Nieto.<\/p>\n<p>En tanto, el aspirante citado construye su propia candidatura y se re\u00fane con representantes de diferentes grupos. A la fecha, los partidos PAN, PRI y PRD a\u00fan no lo toman en cuenta como su posible representante.<\/p>\n<p>Como se\u00f1alamos en este espacio, los partidos mencionados se aliaron para participar con un candidato \u00fanico en las pr\u00f3ximas elecciones presidenciales del 2024; pero no es solamente \u00e9l.<\/p>\n<p>Tambi\u00e9n se maneja el nombre de Alejandro Moreno (a) \u201cAlito\u201d o \u201cAmlito\u201d como otro aspirante m\u00e1s a la candidatura presidencial. En la lista tambi\u00e9n se incluyen a los gobernadores Alfredo del Mazo Maza y Alejandro Murat Hinojosa, as\u00ed como al senador Miguel Angel Osorio Chong.<\/p>\n<p>La lista de los probables precandidatos s\u00f3lo refleja que en el Revolucionario Institucional escasean los pol\u00edticos con la fuerza suficiente para ganarle a Morena. El dirigente Alejandro Moreno no ha podido sacar de la mediocridad a su partido, que perdi\u00f3 todo en las casillas electorales.<\/p>\n<p>El nombre del gobernador Alfredo del Mazo Maza no le dice nada a los electores. Su gobierno gris, de supervivencia, lleva apagado varios a\u00f1os. Por otra parte, el mandatario Alejandro Murat tampoco pudo sacar de la pobreza a Oaxaca. Lo que le vali\u00f3 fue su entreguismo al presidente L\u00f3pez Obrador. El senador Osorio Chong est\u00e1 muy lejos de la candidatura.<\/p>\n<p>En Acci\u00f3n Nacional est\u00e1n en las mismas condiciones de desesperaci\u00f3n que en el PRI. Tras probar dos sexenios en la silla presidencial, los blanquiazules tuvieron una actuaci\u00f3n decepcionante al frente del gobierno. Para darse cuenta de su fracaso, basta con revisar la administraci\u00f3n de Vicente Fox.<\/p>\n<p>El desempe\u00f1o del guanajuatense fue deplorable. Prometi\u00f3 cambios que no realiz\u00f3. Hizo mejor papel su esposa que poco falt\u00f3 para que llegara al poder como sucesora de Fox. Al menos pudo tomar las riendas del poder cuando habit\u00f3 en Los Pinos.<\/p>\n<p>De Felipe Calder\u00f3n, en este espacio ya lo dijimos. Su sexenio estuvo marcado por la violencia. Miles de personas murieron o desaparecieron en medio de una guerra del gobierno contra la delincuencia organizada.<\/p>\n<p>Sin estrategia alguna, Calder\u00f3n decidi\u00f3 enfrentar a las bandas de narcotraficantes con el prop\u00f3sito de mejorar su imagen pol\u00edtica, luego de ganar las elecciones presidenciales calificadas como de un gran fraude que lo llev\u00f3 al poder.<\/p>\n<p>En los seis a\u00f1os de gobierno Genaro Garc\u00eda Luna, secretario de Seguridad P\u00fablica, fue el cerebro de la lucha contra la delincuencia organizada. En el presente, el ex funcionario se encuentra en una c\u00e1rcel de Estados Unidos, en espera de un juicio. Se le acusa por su presunta relaci\u00f3n con el C\u00e1rtel de Sinaloa.<\/p>\n<p>En las elecciones presidenciales de 2018, Acci\u00f3n Nacional particip\u00f3 con Ricardo Anaya como su representante. Fue derrotado. Ahora, el queretano enfrenta problemas relacionados con sobornos para aprobar reformas legales promovidas por el presidente Enrique Pe\u00f1a Nieto.<\/p>\n<p>Es dif\u00edcil o casi imposible que Ricardo Anaya pudiera ser designado nuevamente para competir como candidato presidencial. Adem\u00e1s, dentro de pocos d\u00edas podr\u00eda convertirse en pr\u00f3fugo de la justicia por no acatar las \u00f3rdenes del juez de presentarse f\u00edsicamente en las audiencias para responder de las acusaciones en su contra.<\/p>\n<p>En la lista de los favoritos presidenciables de Marko Cort\u00e9s est\u00e1n: la gobernadora de Chihuahua, Maru Campos; el mandatario de Guanajuato, Diego Sinuhe Rodr\u00edguez Vallejo; de Yucat\u00e1n, Mauricio Vila Dosal; de Tamaulipas, Francisco Javier Garc\u00eda Cabeza de Vaca; y el ex gobernador de Quer\u00e9taro, Francisco Dom\u00ednguez Servi\u00e9n.<\/p>\n<p>Del Partido de la Revoluci\u00f3n Democr\u00e1tica (PRD) hablaremos en pr\u00f3ximas entregas.<\/p>\n<p>\u00bfUsted qu\u00e9 opina amable lector?<\/p>\n<p><a href=\"mailto:aco2742@hotmail.com\" target=\"_blank\" rel=\"noopener noreferrer\"><em>aco2742@hotmail.com<\/em><\/a><\/p>\n","protected":false},"excerpt":{"rendered":"<p><span style=\"color: #005497;\"><strong>Augusto Corro<\/strong><\/span><\/p>\n","protected":false},"author":3,"featured_media":0,"comment_status":"open","ping_status":"open","sticky":false,"template":"","format":"standard","meta":{"_monsterinsights_skip_tracking":false,"_monsterinsights_sitenote_active":false,"_monsterinsights_sitenote_note":"","_monsterinsights_sitenote_category":0,"footnotes":""},"categories":[157],"tags":[43686,43674,11515],"class_list":["post-536168","post","type-post","status-publish","format-standard","hentry","category-augusto-corro","tag-augusto-corro","tag-opinion","tag-punto-por-punto"],"_links":{"self":[{"href":"https:\/\/www.diarioimagen.net\/index.php?rest_route=\/wp\/v2\/posts\/536168","targetHints":{"allow":["GET"]}}],"collection":[{"href":"https:\/\/www.diarioimagen.net\/index.php?rest_route=\/wp\/v2\/posts"}],"about":[{"href":"https:\/\/www.diarioimagen.net\/index.php?rest_route=\/wp\/v2\/types\/post"}],"author":[{"embeddable":true,"href":"https:\/\/www.diarioimagen.net\/index.php?rest_route=\/wp\/v2\/users\/3"}],"replies":[{"embeddable":true,"href":"https:\/\/www.diarioimagen.net\/index.php?rest_route=%2Fwp%2Fv2%2Fcomments&post=536168"}],"version-history":[{"count":0,"href":"https:\/\/www.diarioimagen.net\/index.php?rest_route=\/wp\/v2\/posts\/536168\/revisions"}],"wp:attachment":[{"href":"https:\/\/www.diarioimagen.net\/index.php?rest_route=%2Fwp%2Fv2%2Fmedia&parent=536168"}],"wp:term":[{"taxonomy":"category","embeddable":true,"href":"https:\/\/www.diarioimagen.net\/index.php?rest_route=%2Fwp%2Fv2%2Fcategories&post=536168"},{"taxonomy":"post_tag","embeddable":true,"href":"https:\/\/www.diarioimagen.net\/index.php?rest_route=%2Fwp%2Fv2%2Ftags&post=536168"}],"curies":[{"name":"wp","href":"https:\/\/api.w.org\/{rel}","templated":true}]}}