{"id":536171,"date":"2022-02-16T00:11:25","date_gmt":"2022-02-16T06:11:25","guid":{"rendered":"https:\/\/www.diarioimagen.net\/?p=536171"},"modified":"2022-02-16T01:09:32","modified_gmt":"2022-02-16T07:09:32","slug":"la-palabra-de-amlo-ya-no-tiene-valor","status":"publish","type":"post","link":"https:\/\/www.diarioimagen.net\/?p=536171","title":{"rendered":"La palabra de AMLO ya no tiene valor"},"content":{"rendered":"<h2>\u00cdndice pol\u00edtico<\/h2>\n<h5>Francisco Rodr\u00edguez<\/h5>\n<p><em>\u00a0<\/em><\/p>\n<ul>\n<li><strong><em>Enredada madeja de falsedades<\/em><\/strong><\/li>\n<li><strong><em>Herida, su obsesi\u00f3n compulsiva<\/em><\/strong><\/li>\n<\/ul>\n<p>&nbsp;<\/p>\n<p>Hannah Arendt, una de las figuras m\u00e1s importantes del pensamiento pol\u00edtico del siglo XX, escribi\u00f3 que \u201cla veracidad nunca se ha contado entre las virtudes pol\u00edticas\u201d. En tal tenor, Andr\u00e9s Manuel L\u00f3pez Obrador no es un virtuoso.<\/p>\n<p>Ha mentido durante 18 a\u00f1os tras su b\u00fasqueda del poder presidencial. Cuando finalmente lo alcanz\u00f3, todas esas mentiras cayeron a tierra como si hubieran sido un castillo levantado con naipes. Nos hab\u00eda enga\u00f1ado con aquello de que luchar\u00eda contra la corrupci\u00f3n, acabar\u00eda con la violencia, regresar\u00eda al Ej\u00e9rcito a los cuarteles, que sus pol\u00edticas dar\u00edan prioridad a los pobres y muchas otras falsas promesas m\u00e1s.<\/p>\n<p>Las traicion\u00f3, nos traicion\u00f3 y se traicion\u00f3 a si mismo apenas tom\u00f3 posesi\u00f3n del encargo que le dimos 30 millones, ingenuos, cre\u00eddos, muchos de nosotros.<\/p>\n<p>Porque la violencia no acab\u00f3, ahora es m\u00e1s feroz y cobra muchas m\u00e1s v\u00edctimas; sac\u00f3 a la calle a muchos m\u00e1s elementos de las Fuerzas Armadas a realizar tareas que no le corresponden, desde alba\u00f1iler\u00eda hasta aduanales; cerr\u00f3 instituciones que atend\u00edan a los m\u00e1s necesitados, los dej\u00f3 sin medicamentos, y sin apoyos a quienes perdieron sus empleos durante la pandemia. \u00bfLe sigo?<\/p>\n<p>Con el tiempo el descr\u00e9dito de su palabra tambi\u00e9n ha ido creciendo.<\/p>\n<p>\u00bfC\u00f3mo creerle a un individuo que, seg\u00fan las estad\u00edsticas, profiri\u00f3 61 mil mentiras en sus \u201cma\u00f1aneras\u201d, seg\u00fan un conteo que s\u00f3lo tom\u00f3 en cuenta desde el 2 de diciembre de 2018 hasta el \u00faltimo d\u00eda de agosto del 2021. Un promedio de 80 falsedades cada d\u00eda.<\/p>\n<p>Una madeja de mentiras que a medida que el tiempo transcurre se enreda m\u00e1s y m\u00e1s y m\u00e1s y&#8230;<\/p>\n<p style=\"text-align: center;\"><strong>Las \u201cma\u00f1aneras\u201d ya son las \u201cmentideras\u201d<\/strong><\/p>\n<p>Las \u201cma\u00f1aneras\u201d ya deber\u00edan ser rebautizadas como las \u201cmentideras\u201d o ya, de plano, las mentirosas.<\/p>\n<p>Y es que al calor de su proverbial resentimiento en contra de quienes no comulgan con \u00e9l o ya no caen en el embrujo de sus maravillosas mentiras, el coraje, la rabia, el capricho lo han hecho mentir, mentir y mentir.<\/p>\n<p>Ya no se puede creer en nada, absolutamente en nada de lo que dice.<\/p>\n<p>As\u00ed lleva ya casi tres semanas. Cada vez m\u00e1s enojado ha cruzado l\u00edmites constitucionales, legales, morales. Nadie decente har\u00eda lo que \u00e9l ha obligado a hacer a sus familiares, a sus colaboradores y hasta a sus amigos, que estoy cierto tambi\u00e9n ya han empezado a restarle valor a sus palabras de cada ma\u00f1ana.<\/p>\n<p>La raz\u00f3n es m\u00e1s que obvia. El reportaje de Mexicanos Contra la Corrupci\u00f3n y la Impunidad, presentado en redes por Carlos Loret de Mola, sobre la \u201cCasa gris\u201d y la gris estancia de su primog\u00e9nito en Houston, Texas, Estados Unidos.<\/p>\n<p>Ha presentado im\u00e1genes comparativas de sus ingresos y los de su n\u00e9mesis que, ha hablado con sinceridad, ni \u00e9l mismo sabe si son reales o falsas. Nos dijo que an\u00f3nimamente le hab\u00edan llegado a Palacio Nacional. Pero muchos dudamos tambi\u00e9n de ello, porque puede que hasta \u00e9l mismo y alg\u00fan otro analfabeta funcional las hayan inventado.<\/p>\n<p>Todo esto le rompi\u00f3 el esquema. Dej\u00f3 herida de muerte su compulsi\u00f3n obsesiva por la rigidez, el perfeccionismo, el dogmatismo, la rumiaci\u00f3n, el moralismo, la inflexibilidad, la indecisi\u00f3n y el bloqueo emocional y cognitivo.<\/p>\n<p>A\u00fan sigue mintiendo.<\/p>\n<p style=\"text-align: center;\"><strong>Mentir, herencia paterna y contaminante<\/strong><\/p>\n<p>Y ten\u00eda que ser que los v\u00e1stagos heredaran su capacidad de mentir.<\/p>\n<p>Porque el sujeto de marras, el causante del <em>affaire<\/em>, con t\u00edtulo de abogado -sabr\u00e1 Dios si tambi\u00e9n tenga los conocimientos y la experiencia para la pr\u00e1ctica del Derecho- no puede ejercer su carrera profesional en los Estados Unidos, ya no s\u00f3lo porque desconoce las legislaciones federal y estatal de su actual lugar de residencia, sobre todo porque no ha presentado el examen en la Barra de Abogados de Texas que, en el remoto caso de que fuese aprobado, le permitir\u00eda practicar sus ralos o vastos conocimientos como jurista a quien hoy es s\u00f3lo un baquet\u00f3n de quien aqu\u00ed se ha dicho en repetidas ocasiones que su principal ocupaci\u00f3n ha sido\u00a0<em>il dolce far niente<\/em>\u00a0o, en espa\u00f1ol, el dulce placer de la ociosidad.<\/p>\n<p>Su padre ha hecho mentir a un empresario, Daniel Ch\u00e1vez y a los hijos de \u00e9ste para que su junior los use como fachada de la holgazaner\u00eda en la que en realidad vive. Sin oficio, sin beneficio y sin ingresos que no sean los de la exitosa cabildera que es su esposa. \u201cLa del dinero es ella\u201d, que al principio dijera AMLO, parece ser la \u00fanica verdad oculta tras la enorme sarta de mentiras.<\/p>\n<p>Porque aunque los Ch\u00e1vez no cobren salario alguno del erario, s\u00ed tienen una relaci\u00f3n con el (mal) gobierno de la llamada 4T. El patriarca fue uno de los muy escogidos empresarios que acompa\u00f1aron a L\u00f3pez Obrador a su cena con Donald Trump en la Casa Blanca y no s\u00f3lo es supervisor, tambi\u00e9n es beneficiario en la construcci\u00f3n del Tren Maya, am\u00e9n de que se ha filtrado que ha sido quien, como concesionario, invertir\u00e1 en las Islas Mar\u00edas para reconvertirlas de penal a un resort de lujo y es el concesionario del futuro aeropuerto internacional de Puerto Pe\u00f1asco, Sonora.\u00a0 Que hicieran mentir a los Ch\u00e1vez difundiendo en p\u00e1ginas<em>\u00a0fake<\/em>\u00a0que el junior es su empleado&#8230; \u00a1no tiene precio! Pero ya lo est\u00e1n cobrando y cobrar\u00e1n todav\u00eda m\u00e1s en su momento.<\/p>\n<p>Y ya ver\u00e1 usted que en la tan gustada secci\u00f3n de \u201cQui\u00e9n es qui\u00e9n en las mentiras de Palacio Nacional\u201d -o algo as\u00ed se llama la que est\u00e1 encargada a la se\u00f1orita con graves problemas de ortolalia y un nerviosismo que no es capaz de controlar- volver\u00e1 a la carga en contra de aquellos que, seg\u00fan El Se\u00f1or de Palacio Nacional, mienten y lo desacreditan a \u00e9l y a su familia&#8230;<\/p>\n<p>&#8230;cuando en realidad quien ya perdi\u00f3 todo el cr\u00e9dito a su palabra es \u00e9l.<\/p>\n<p>\u00bfUsted le cree a AMLO?, por citar a una cl\u00e1sica.<\/p>\n<p>\u00a1Yo tampoco!<\/p>\n<p>Su palabrer\u00eda, reitero, ya perdi\u00f3 todo valor.<\/p>\n<p>\u00bfNo cree usted?<\/p>\n<p><em><u><a href=\"http:\/\/www.indicepolitico.com\" target=\"_blank\" rel=\"noopener noreferrer\">www.indicepolitico.com<\/a><\/u><u><br \/>\n<\/u><a href=\"mailto:indicepolitico@gmail.com\" target=\"_blank\" rel=\"noopener noreferrer\">indicepolitico@gmail.com<\/a><\/em><br \/>\n<em><a href=\"https:\/\/twitter.com\/indicepolitico?lang=es\" target=\"_blank\" rel=\"noopener noreferrer\">@IndicePolitico<\/a><\/em><br \/>\n<em><u><a href=\"https:\/\/twitter.com\/pacorodriguez\" target=\"_blank\" rel=\"noopener noreferrer\">@pacorodriguez<\/a><\/u><\/em><\/p>\n","protected":false},"excerpt":{"rendered":"<p><span style=\"color: #005497;\"><strong>Francisco Rodr\u00edguez<\/strong><\/span><br \/>\n<br \/>\nHannah Arendt, una de las figuras m\u00e1s importantes del pensamiento pol\u00edtico del siglo XX, escribi\u00f3 que \u201cla veracidad nunca se ha contado entre las virtudes pol\u00edticas\u201d. En tal tenor, Andr\u00e9s Manuel L\u00f3pez Obrador no es un virtuoso.<\/p>\n","protected":false},"author":3,"featured_media":0,"comment_status":"open","ping_status":"open","sticky":false,"template":"","format":"standard","meta":{"_monsterinsights_skip_tracking":false,"_monsterinsights_sitenote_active":false,"_monsterinsights_sitenote_note":"","_monsterinsights_sitenote_category":0,"footnotes":""},"categories":[549],"tags":[43689,550,43674],"class_list":["post-536171","post","type-post","status-publish","format-standard","hentry","category-francisco-rodriguez","tag-francisco-rodriguez","tag-indice-politico","tag-opinion"],"_links":{"self":[{"href":"https:\/\/www.diarioimagen.net\/index.php?rest_route=\/wp\/v2\/posts\/536171","targetHints":{"allow":["GET"]}}],"collection":[{"href":"https:\/\/www.diarioimagen.net\/index.php?rest_route=\/wp\/v2\/posts"}],"about":[{"href":"https:\/\/www.diarioimagen.net\/index.php?rest_route=\/wp\/v2\/types\/post"}],"author":[{"embeddable":true,"href":"https:\/\/www.diarioimagen.net\/index.php?rest_route=\/wp\/v2\/users\/3"}],"replies":[{"embeddable":true,"href":"https:\/\/www.diarioimagen.net\/index.php?rest_route=%2Fwp%2Fv2%2Fcomments&post=536171"}],"version-history":[{"count":0,"href":"https:\/\/www.diarioimagen.net\/index.php?rest_route=\/wp\/v2\/posts\/536171\/revisions"}],"wp:attachment":[{"href":"https:\/\/www.diarioimagen.net\/index.php?rest_route=%2Fwp%2Fv2%2Fmedia&parent=536171"}],"wp:term":[{"taxonomy":"category","embeddable":true,"href":"https:\/\/www.diarioimagen.net\/index.php?rest_route=%2Fwp%2Fv2%2Fcategories&post=536171"},{"taxonomy":"post_tag","embeddable":true,"href":"https:\/\/www.diarioimagen.net\/index.php?rest_route=%2Fwp%2Fv2%2Ftags&post=536171"}],"curies":[{"name":"wp","href":"https:\/\/api.w.org\/{rel}","templated":true}]}}