{"id":536181,"date":"2022-02-16T00:09:36","date_gmt":"2022-02-16T06:09:36","guid":{"rendered":"https:\/\/www.diarioimagen.net\/?p=536181"},"modified":"2022-02-16T01:17:48","modified_gmt":"2022-02-16T07:17:48","slug":"gobiernos-de-salvajes","status":"publish","type":"post","link":"https:\/\/www.diarioimagen.net\/?p=536181","title":{"rendered":"Gobiernos de salvajes"},"content":{"rendered":"<h2>Poder y dinero<\/h2>\n<h5>V\u00edctor S\u00e1nchez Ba\u00f1os<\/h5>\n<p>&nbsp;<\/p>\n<ul>\n<li><strong><em>Impera la ley del cacique en turno<\/em><\/strong><\/li>\n<li><strong><em>Veracruzanos decepcionados de Cuitl\u00e1huac<\/em><\/strong><\/li>\n<li><strong><em>Autoritarismo a todo lo que da<\/em><\/strong><\/li>\n<li><strong><em>Morena contra libertades civiles<\/em><\/strong><\/li>\n<li><strong><em>No se someten a la voluntad de las mayor\u00edas<\/em><\/strong><\/li>\n<li><strong><em>INAI le dice NO a AMLO<\/em><\/strong><\/li>\n<li><strong><em>Lilly: RSC<\/em><\/strong><\/li>\n<\/ul>\n<p>&nbsp;<\/p>\n<p style=\"text-align: right;\"><em>Conseguir un pensamiento libre en la sociedad actual es<br \/>\ndif\u00edcil porque la democracia est\u00e1 pervertida y secuestrada<br \/>\n<\/em><strong>Jos\u00e9 Luis Sampedro<\/strong> (1917-2013), escritor y economista espa\u00f1ol<\/p>\n<p>&nbsp;<\/p>\n<p>La ley no es un argumento leguleyo. La ley la aprobamos democr\u00e1ticamente en los Congresos federal y locales, mediante una democracia participativa que puede estar viciada por los partidos pol\u00edticos. Pero esa es nuestra democracia. Perfectible, aunque muy primitiva.<\/p>\n<p>Las leyes debemos mejorarlas y no dejarlas a la interpretaci\u00f3n del gobernante en turno, como pretende hacerlo desde Palacio Nacional, Andr\u00e9s Manuel L\u00f3pez Obrador. Si hay equilibrios legislativos es para frenar la ambici\u00f3n de poder y dinero de los gobernantes.<\/p>\n<p>Sin embargo, a pesar que a nivel internacional, la percepci\u00f3n, como la de millones de mexicanos es un sistema autoritario donde el Presidente y los gobernadores se sienten due\u00f1os de la voluntad de todos los mexicanos.<\/p>\n<p>Se les olvida que fueron elegidos por 30 millones de mexicanos y que el resto, 90 millones o no fueron a votar, votaron en contra o son menores de edad. As\u00ed que los morenistas no nos vengan con el cuento que tienen de su lado a la mayor\u00eda de los mexicanos. La mayor\u00eda de los que votaron, s\u00ed; pero no de la totalidad de los mexicanos, a los que se suman millones de decepcionados de la Cuarta Transformaci\u00f3n.<\/p>\n<p>Ese desencanto lo incrementan pol\u00edticos que desde el gobierno hacen y deshacen sin el menor escr\u00fapulo. Roban y asesinan con total impunidad. Y, dicen, burl\u00e1ndose de los mexicanos, que ellos no son como los anteriores.<\/p>\n<p>Un ejemplo de p\u00e9simo gobierno, donde el derecho es pisoteado y el crimen ha sentado sus reales, es Veracruz.<\/p>\n<p>A pesar que Comisi\u00f3n Nacional de los Derechos Humanos (CNDH) emiti\u00f3 una recomendaci\u00f3n al gobernador veracruzano, Cuitl\u00e1huac Garc\u00eda, y a la titular de la Fiscal\u00eda de Veracruz, Ver\u00f3nica Hern\u00e1ndez Giad\u00e1ns, por las violaciones graves a derechos cometidos contra una mujer que fue detenida en la Ciudad de M\u00e9xico y trasladada a Veracruz en medio de tortura y agresiones sexuales.<\/p>\n<p>Este es s\u00f3lo un ejemplo de gobiernos abusivos y de alto grado de ignorancia, seg\u00fan consta en la recomendaci\u00f3n, 51VG\/2022 el 17 de noviembre de 2020 una madre denunci\u00f3 que su hija fue sufri\u00f3 abuso f\u00edsico y sexual por elementos de la Polic\u00eda Ministerial de Veracruz, luego de haber sido detenida por polic\u00edas en la alcald\u00eda \u00c1lvaro Obreg\u00f3n, de la Ciudad de M\u00e9xico.<\/p>\n<p>Quisieron poner una denuncia y la fiscal se neg\u00f3.<\/p>\n<p>Esto, aunado a pifias de Cuitl\u00e1huac en todos los sentidos, ahora quiere colgarse de quien \u00e9l cree que ser\u00e1 la pr\u00f3xima presidente del pa\u00eds, Claudia Sheinbaum. Se coloca en el redil de ella. Flaco favor le hace a la elegida por L\u00f3pez Obrador, para heredarle el poder.<\/p>\n<p style=\"text-align: center;\"><strong>PODEROSOS CABALLEROS<\/strong><\/p>\n<p><strong>JUEGO PERVERSO CONTRA EL INAI: <\/strong>Si el presidente L\u00f3pez Obrador tiene un abogado que haya cursado corriendo la carrera en una universidad \u201cpatito\u201d, le hubiera orientado en el sentido que la privacidad est\u00e1 sobre el capricho de cualquier gobierno. Le pide permiso al Instituto Nacional de Transparencia, Acceso a la Informaci\u00f3n y Protecci\u00f3n de Datos Personales, el INAI, y la respuesta es contundente: No puede dar informaci\u00f3n de Carlos Loret, a pesar que est\u00e1 encaprichado por las denuncias que ha presentado en torno la vida de sus hijos. Los datos personales son PRIVADOS. Los de los pol\u00edticos, administradores p\u00fablicos electos o designados, de ellos, de sus familiares y socios en negocios, SON P\u00daBLICOS. Ahora, lo que dicen los morenistas en su desplegado del lunes pasado, que \u00ab\u00a1Morena no permitir\u00e1 que M\u00e9xico regrese al viejo r\u00e9gimen!\u00bb, les pregunto: quienes son ellos para impedir la voluntad del pueblo. Ni el PRI, ni el PAN se atrevieron a tanto autoritarismo. Ayer, en comisiones le dan facultades al gobierno para congelar o bloquear cuentas bancarias en M\u00e9xico y el extranjero de los enemigos del r\u00e9gimen. \u00a1Qu\u00e9 m\u00e1s se\u00f1ales de control totalitario quiere imponer la 4T! Cuidado. Las cosas se est\u00e1n poniendo feas, en tanto se acerca el fin del sexenio.<\/p>\n<p style=\"text-align: center;\"><strong>RESPONSABILIDAD SOCIAL CORPORATIVA<\/strong><\/p>\n<p><strong>LILLY:<\/strong> El consorcio farmac\u00e9utico Lilly, que a nivel global lleva Dave Ricks, y UNICEF, se aliaron. Lilly una inversi\u00f3n de 14.4 millones de d\u00f3lares para mejorar la salud de 10 millones de ni\u00f1os y adolescentes que viven con enfermedades cr\u00f3nicas no transmisibles en Bangladesh, Malawi, Nepal, Filipinas y Zimbabue. Este trabajo est\u00e1 alineado con la iniciativa Lilly 30&#215;30, para brindar, a\u00f1o con a\u00f1o, un mejor acceso a una atenci\u00f3n m\u00e9dica de calidad a 30 millones de personas que viven en entornos de escasos recursos, hacia 2030.<\/p>\n<p>&nbsp;<\/p>\n<blockquote>\n<h4 style=\"text-align: right;\"><strong>Esc\u00fachame de lunes a viernes, de 21 a 22 horas,<br \/>\nen \u201cV\u00edctor S\u00e1nchez Ba\u00f1os en MVS\u201d<\/strong><\/h4>\n<\/blockquote>\n<p>&nbsp;<\/p>\n<p><a href=\"https:\/\/mvsnoticias.com\/\" target=\"_blank\" rel=\"noopener noreferrer\"><em>MVSnoticias.com<\/em><\/a><br \/>\n<a href=\"http:\/\/poderydinero.mx\" target=\"_blank\" rel=\"noopener noreferrer\"><em>poderydinero.mx<\/em><\/a><em><b><br \/>\n<\/b><a href=\"mailto:vsb@poderydinero.mx\" target=\"_blank\" rel=\"noopener noreferrer\">vsb@poderydinero.mx<\/a><a href=\"mailto:vsanchezb@gmail.com\" target=\"_blank\" rel=\"noopener noreferrer\"><br \/>\n<\/a><strong>Twitter:<\/strong><a href=\"https:\/\/twitter.com\/vsanchezbanos\" target=\"_blank\" rel=\"noopener noreferrer\">@vsanchezbanos<br \/>\n<\/a><strong>Facebook: <\/strong><a href=\"https:\/\/www.facebook.com\/vsanchezbanos?fref=ts\" target=\"_blank\" rel=\"noopener noreferrer\">vsanchezbanos<\/a><\/em><\/p>\n","protected":false},"excerpt":{"rendered":"<p><span style=\"color: #005497;\"><strong>V\u00edctor S\u00e1nchez Ba\u00f1os<\/strong><\/span><\/p>\n","protected":false},"author":3,"featured_media":0,"comment_status":"open","ping_status":"open","sticky":false,"template":"","format":"standard","meta":{"_monsterinsights_skip_tracking":false,"_monsterinsights_sitenote_active":false,"_monsterinsights_sitenote_note":"","_monsterinsights_sitenote_category":0,"footnotes":""},"categories":[38844],"tags":[43674,38847,38848],"class_list":["post-536181","post","type-post","status-publish","format-standard","hentry","category-victor-sanchez-banos","tag-opinion","tag-poder-y-dinero","tag-victor-sanchez-banos"],"_links":{"self":[{"href":"https:\/\/www.diarioimagen.net\/index.php?rest_route=\/wp\/v2\/posts\/536181","targetHints":{"allow":["GET"]}}],"collection":[{"href":"https:\/\/www.diarioimagen.net\/index.php?rest_route=\/wp\/v2\/posts"}],"about":[{"href":"https:\/\/www.diarioimagen.net\/index.php?rest_route=\/wp\/v2\/types\/post"}],"author":[{"embeddable":true,"href":"https:\/\/www.diarioimagen.net\/index.php?rest_route=\/wp\/v2\/users\/3"}],"replies":[{"embeddable":true,"href":"https:\/\/www.diarioimagen.net\/index.php?rest_route=%2Fwp%2Fv2%2Fcomments&post=536181"}],"version-history":[{"count":0,"href":"https:\/\/www.diarioimagen.net\/index.php?rest_route=\/wp\/v2\/posts\/536181\/revisions"}],"wp:attachment":[{"href":"https:\/\/www.diarioimagen.net\/index.php?rest_route=%2Fwp%2Fv2%2Fmedia&parent=536181"}],"wp:term":[{"taxonomy":"category","embeddable":true,"href":"https:\/\/www.diarioimagen.net\/index.php?rest_route=%2Fwp%2Fv2%2Fcategories&post=536181"},{"taxonomy":"post_tag","embeddable":true,"href":"https:\/\/www.diarioimagen.net\/index.php?rest_route=%2Fwp%2Fv2%2Ftags&post=536181"}],"curies":[{"name":"wp","href":"https:\/\/api.w.org\/{rel}","templated":true}]}}