{"id":536182,"date":"2022-02-16T00:12:42","date_gmt":"2022-02-16T06:12:42","guid":{"rendered":"https:\/\/www.diarioimagen.net\/?p=536182"},"modified":"2022-02-17T01:01:18","modified_gmt":"2022-02-17T07:01:18","slug":"amlo-centra-su-guerra-contra-carlos-loret-de-mola-y-el-resto-del-periodismo-ya-no-habla-de-su-hijo","status":"publish","type":"post","link":"https:\/\/www.diarioimagen.net\/?p=536182","title":{"rendered":"AMLO centra su guerra contra Carlos Loret de Mola y el resto del periodismo; ya no habla de su hijo"},"content":{"rendered":"<h2>Tras la puerta del poder<\/h2>\n<h5>Roberto Vizca\u00edno<\/h5>\n<p>&nbsp;<\/p>\n<p>\u201cHay quienes ganan diez veces m\u00e1s que los 35 millones de <strong>Loret<\/strong>\u201d, solt\u00f3 en su ma\u00f1anera de ayer.<\/p>\n<p>Y como\u00a0<strong>Lore<\/strong>t, agreg\u00f3, todos son golpeadores a quienes les paga la mafia del poder, para dinamitar y hacer fracasar a la 4T, afirma.<\/p>\n<p>\u00ab&#8230;\u00a0todos deber\u00edamos de transparentar nuestros ingresos, los bienes, no debe de haber excepciones, la vida p\u00fablica tiene que ser cada vez m\u00e1s p\u00fablica y\u00a0saber cu\u00e1nto ganan los periodistas\u00bb, indic\u00f3.<\/p>\n<p>Aclar\u00f3 saber que la mayor\u00eda de los periodistas gana muy poco, \u00abpero hay una \u00e9lite que est\u00e1 vinculada a la mafia del poder pol\u00edtico y econ\u00f3mico que obtienen much\u00edsimo dinero&#8230;\u00a0un grupo de golpeadores, (a quienes) les pagan todo eso porque, sin escr\u00fapulos morales, se lanzan a destruir a opositores o a quienes buscan cambios que los jefes sienten que les afectan porque les quitan privilegios.<\/p>\n<p>\u00abEsa prensa mercenaria debe de conocerse\u00a0y\u00a0debemos de transparentar, saber c\u00f3mo opera, porque\u00a0es un grupo que act\u00faa con prepotencia y con corrupci\u00f3n, porque todo ese dinero proviene, se origina en el erario, es dinero del pueblo, es presupuesto p\u00fablico\u00bb.<\/p>\n<p>Due\u00f1o absoluto de la conducci\u00f3n de su ma\u00f1anera, con el obvio sembrado de preguntas a modo para permitirle dar las respuestas que \u00e9l quer\u00eda dar, el presidente\u00a0<strong>Andr\u00e9s Manuel L\u00f3pez Obrador<\/strong>\u00a0centr\u00f3 ayer sus bater\u00edas no s\u00f3lo contra\u00a0<strong>Carlos Loret de Mola,<\/strong>\u00a0sino hacia todos los medios de informaci\u00f3n de M\u00e9xico y el mundo.<\/p>\n<p>Ayer ya no habl\u00f3 de su hijo\u00a0<strong>Jos\u00e9 Ram\u00f3n L\u00f3pez Beltr\u00e1n<\/strong>\u00a0ni de la \u00ab<strong>casa gris\u00bb<\/strong>\u00a0o el\u00a0<strong><em>Houstongate<\/em><\/strong>\u00a0o del conflicto de Inter\u00e9s que hay detr\u00e1s de eso y menos del presumible flujo corrupto de quiz\u00e1 350 millones de d\u00f3lares de Pemex a la empresa <strong>Baker Hughes.\u00a0<\/strong><\/p>\n<p><strong>En cambio, reorient\u00f3 su embate contra el periodismo.\u00a0\u00a0<\/strong><\/p>\n<p>\u00ab&#8230;a ver, a ver, a ver, les pregunto a ellos, al se\u00f1or Claudio X. Gonz\u00e1lez, a la se\u00f1ora Casar,\u00a0<strong>Mar\u00eda Amparo Casar<\/strong>, a ver: \u00bfqu\u00e9,\u00a0no es corrupci\u00f3n recibir dinero del gobierno de Estados Unidos para hacer labor de zapa en contra del proyecto de transformaci\u00f3n que estamos impulsando millones de mexicanos en beneficio de nuestro pueblo y de nuestro pa\u00eds? \u00bfEso no es corrupci\u00f3n? Es hasta traici\u00f3n a la patria.\u00a0\u00bfY por qu\u00e9 no transparentan? \u00bfPor qu\u00e9 no dicen cu\u00e1nto reciben? Entonces, \u00bfcon qu\u00e9 autoridad moral van ellos a juzgar a todos?&#8230;\u00a0\u00a0es un fen\u00f3meno mundial, es un poder medi\u00e1tico, mafioso, perverso, que llega a los medios de informaci\u00f3n m\u00e1s conocidos en el mundo\u00bb.<\/p>\n<p>La obviedad no dice que el mandatario ha decidido irse contra periodistas y medios a fin de construir una narrativa en la que los informadores son una tropa de corruptos y traidores que reciben paga de la mafia del poder para realizar campa\u00f1as perversas contra \u00e9l y la 4T.<\/p>\n<p>Y as\u00ed quitarle el foco medi\u00e1tico a su hijo\u00a0<strong>Jos\u00e9 Ram\u00f3n L\u00f3pez Beltr\u00e1n<\/strong>\u00a0y el caso de conflicto de inter\u00e9s que afecta directamente a sus pronunciamientos anticorrupci\u00f3n y de austeridad.<\/p>\n<p style=\"text-align: center;\"><strong>El debate llega a San L\u00e1zaro y el Senado\u00a0<\/strong><\/p>\n<p>Sin embargo, el asunto de la \u00abcasa gris\u00bb y del conflicto de inter\u00e9s del primog\u00e9nito del mandatario es ya tema nacional. Y como tal, la oposici\u00f3n PAN, PRI, PRD y MC lo coloc\u00f3 ayer en un fuerte y r\u00edspido debate en las tribunas de San L\u00e1zaro y el Senado.<\/p>\n<p>En ninguna de las dos C\u00e1maras estaba previsto el tema en la orden del d\u00eda correspondiente. Por ello, y ante la insistencia de la oposici\u00f3n, en los dos recintos los coordinadores tuvieron que negociar para subirlo a tribuna como debate formal.<\/p>\n<p>Al final, se impusieron los criterios de\u00a0<strong>Ricardo Monreal<\/strong>\u00a0en el Senado y de\u00a0<strong>Ignacio Mier<\/strong>\u00a0en la de Diputados, para poder darle orden a las intervenciones.<\/p>\n<p><em><a href=\"mailto:rvizcainoa@gmail.com\" target=\"_blank\" rel=\"noopener noreferrer\">vizcainoa@gmail.com<\/a><br \/>\n<a href=\"http:\/\/endirecto.mx\" target=\"_blank\" rel=\"noopener noreferrer\">www.endirecto.mx<\/a><br \/>\n<a href=\"https:\/\/twitter.com\/_rvizcaino\" target=\"_blank\" rel=\"noopener noreferrer\">@_RVizcaino<\/a><br \/>\n<a href=\"https:\/\/www.facebook.com\/rvizcainoa\" target=\"_blank\" rel=\"noopener noreferrer\">facebook.com\/rvizcainoa<\/a><\/em><\/p>\n","protected":false},"excerpt":{"rendered":"<p><span style=\"color: #005497;\"><strong>Roberto Vizca\u00edno<\/strong><\/span><br \/>\n<br \/>\n\u201cHay quienes ganan diez veces m\u00e1s que los 35 millones de <strong>Loret<\/strong>\u201d, solt\u00f3 en su ma\u00f1anera de ayer.<\/p>\n","protected":false},"author":3,"featured_media":0,"comment_status":"open","ping_status":"open","sticky":false,"template":"","format":"standard","meta":{"_monsterinsights_skip_tracking":false,"_monsterinsights_sitenote_active":false,"_monsterinsights_sitenote_note":"","_monsterinsights_sitenote_category":0,"footnotes":""},"categories":[136],"tags":[43674,93,94],"class_list":["post-536182","post","type-post","status-publish","format-standard","hentry","category-roberto-vizcaino-opinion","tag-opinion","tag-roberto-vizcaino","tag-tras-la-puerta-del-poder"],"_links":{"self":[{"href":"https:\/\/www.diarioimagen.net\/index.php?rest_route=\/wp\/v2\/posts\/536182","targetHints":{"allow":["GET"]}}],"collection":[{"href":"https:\/\/www.diarioimagen.net\/index.php?rest_route=\/wp\/v2\/posts"}],"about":[{"href":"https:\/\/www.diarioimagen.net\/index.php?rest_route=\/wp\/v2\/types\/post"}],"author":[{"embeddable":true,"href":"https:\/\/www.diarioimagen.net\/index.php?rest_route=\/wp\/v2\/users\/3"}],"replies":[{"embeddable":true,"href":"https:\/\/www.diarioimagen.net\/index.php?rest_route=%2Fwp%2Fv2%2Fcomments&post=536182"}],"version-history":[{"count":0,"href":"https:\/\/www.diarioimagen.net\/index.php?rest_route=\/wp\/v2\/posts\/536182\/revisions"}],"wp:attachment":[{"href":"https:\/\/www.diarioimagen.net\/index.php?rest_route=%2Fwp%2Fv2%2Fmedia&parent=536182"}],"wp:term":[{"taxonomy":"category","embeddable":true,"href":"https:\/\/www.diarioimagen.net\/index.php?rest_route=%2Fwp%2Fv2%2Fcategories&post=536182"},{"taxonomy":"post_tag","embeddable":true,"href":"https:\/\/www.diarioimagen.net\/index.php?rest_route=%2Fwp%2Fv2%2Ftags&post=536182"}],"curies":[{"name":"wp","href":"https:\/\/api.w.org\/{rel}","templated":true}]}}