{"id":536262,"date":"2022-02-17T00:04:30","date_gmt":"2022-02-17T06:04:30","guid":{"rendered":"https:\/\/www.diarioimagen.net\/?p=536262"},"modified":"2022-02-23T00:04:57","modified_gmt":"2022-02-23T06:04:57","slug":"luz-verde-a-uif-para-congelar-cuentas-sin-una-orden-judicial-ni-notificacion","status":"publish","type":"post","link":"https:\/\/www.diarioimagen.net\/?p=536262","title":{"rendered":"Luz verde a UIF para congelar cuentas sin una orden judicial, ni notificaci\u00f3n"},"content":{"rendered":"<p>&nbsp;<\/p>\n<ul>\n<li><em><strong>Oposici\u00f3n advierte que \u201cse est\u00e1 abriendo una puerta peligrosa\u201d<\/strong><\/em><\/li>\n<\/ul>\n<p>&nbsp;<\/p>\n<div id=\"attachment_536353\" style=\"width: 470px\" class=\"wp-caption aligncenter\"><a href=\"https:\/\/www.diarioimagen.net\/?attachment_id=536353\" rel=\"attachment wp-att-536353\"><img loading=\"lazy\" decoding=\"async\" aria-describedby=\"caption-attachment-536353\" class=\"size-full wp-image-536353\" src=\"https:\/\/www.diarioimagen.net\/wp-content\/uploads\/2022\/02\/CONGELAMIENTO-DE-CUENTAS-UIF.jpg\" alt=\"\" width=\"460\" height=\"270\" \/><\/a><p id=\"caption-attachment-536353\" class=\"wp-caption-text\">La UIF podr\u00e1 congelar cuentas bancarias que relacione con lavado de dinero o de financiamiento al terrorismo, sin la necesidad de una orden del juez ni notificar al afectado.<\/p><\/div>\n<p>&nbsp;<\/p>\n<p>Tras la aprobaci\u00f3n de la minuta de reforma a la Ley de Instituciones de Cr\u00e9dito, la Unidad de Inteligencia Financiera (UIF) podr\u00e1 congelar cuentas bancarias que relacione con lavado de dinero o de financiamiento al terrorismo, sin la necesidad de tener una orden del juez ni notificar al afectado.<\/p>\n<p>La minuta del Senado, conocida como \u201cley Nieto\u201d, fue avalada por el Pleno de la C\u00e1mara de Diputados con una apretada votaci\u00f3n de 266 votos a favor, 219 en contra y cero abstenciones.<\/p>\n<p>\u201cLa minuta tiene por objeto generar un procedimiento para que la autoridad competente respete a plenitud los derechos procesales, comenzando por la garant\u00eda de audiencia de quienes sean incluidos en la lista de personas bloqueadas, en el ejercicio de las funciones de combate a los delitos de financiamiento al terrorismo, operaciones con recursos de procedencia il\u00edcita y los asociados con los delitos se\u00f1alados\u201d, explic\u00f3 el diputado Luis Armando Melgar al presentar el dictamen.<\/p>\n<p>La reforma fue rechazada por el PAN, PRI, PRD y MC, pues advirtieron que \u201cse est\u00e1 abriendo una puerta peligrosa\u201d al dar facultades de este nivel a la UIF, que encabeza Pablo G\u00f3mez.<\/p>\n<p>\u201cLas instituciones de seguridad y justicia de nuestro pa\u00eds cada d\u00eda est\u00e1n m\u00e1s extraviadas, no quieren entender que la UIF no puede, ni debe ser polic\u00eda, ni contar con atribuciones que por mandato constitucional s\u00f3lo le corresponden al Ministerio P\u00fablico. Todos hemos sido testigos de c\u00f3mo la UIF ha vulnerado el debido proceso y la presunci\u00f3n de inocencia\u201d, expuso desde tribuna la diputada del PAN, Patricia Terrazas Baca.<\/p>\n<p>Por parte del diputado Jos\u00e9 Francisco Yunes, los priistas acusaron que darle el poder a la UIF de bloquear cuentas bancarias sin un juicio judicial \u201clesiona los principios constitucionales de garant\u00eda de audiencia consagrado en el art\u00edculo 14, y de seguridad jur\u00eddica consagrado en el art\u00edculo 16\u201d.<\/p>\n<p>\u201cAl votar este dictamen les estamos dando la espalda, estamos incurriendo en una regresi\u00f3n hist\u00f3rica, pero, sobre todo, estamos abriendo una puerta peligrosa en donde desde el Estado estamos dotando de instrumentos que servir\u00e1n para perseguir, para lastimar, para transgredir, y eso ser\u00e1 v\u00e1lido para todos, nadie se salvar\u00e1, porque nadie es para siempre y nada es para siempre\u201d, advirti\u00f3.<\/p>\n<p>Morena, Verde y PT defendieron el dictamen. La vicecoordinadora de los morenistas, Aleida Alavez, explic\u00f3 que la reforma atiende recomendaciones de los organismos internacionales,\u00a0 instruye que a las personas que les congelen sus cuentas reciban notificaci\u00f3n por parte de las instituciones financieras y a la par les garantiza el derecho de audiencia.<\/p>\n<p>Esta reforma naci\u00f3 de una iniciativa del senador Ricardo Monreal y fue aprobada por la c\u00e1mara alta en marzo del 2019, pero despert\u00f3 pol\u00e9mica al grado de llamarle \u201cley Nieto\u201d porque aumenta las facultades de la UIF, que en ese momento encabezaba Santiago Nieto.<\/p>\n<p>Despu\u00e9s, en diciembre del 2019 fue aprobada con cambios a la minuta por la C\u00e1mara de Diputados y devuelta al Senado; en noviembre de 2020 los senadores rechazaron los cambios y enviaron a su colegisladora nuevamente la minuta, pero hab\u00eda quedado congelada desde entonces.<\/p>\n<p>Ahora, esta reforma fue desempolvada y enviada al Poder Ejecutivo para su publicaci\u00f3n en el Diario Oficial de la Federaci\u00f3n (DOF).<\/p>\n","protected":false},"excerpt":{"rendered":"<p>Tras la aprobaci\u00f3n de la minuta de reforma a la Ley de Instituciones de Cr\u00e9dito, la Unidad de Inteligencia Financiera (UIF) podr\u00e1 congelar cuentas bancarias que relacione con lavado de dinero o de financiamiento al terrorismo, sin la necesidad de tener una orden del juez ni notificar al afectado.<\/p>\n","protected":false},"author":3,"featured_media":536353,"comment_status":"open","ping_status":"open","sticky":false,"template":"","format":"standard","meta":{"_monsterinsights_skip_tracking":false,"_monsterinsights_sitenote_active":false,"_monsterinsights_sitenote_note":"","_monsterinsights_sitenote_category":0,"footnotes":""},"categories":[8],"tags":[98,94621,43673,16139],"class_list":["post-536262","post","type-post","status-publish","format-standard","has-post-thumbnail","hentry","category-finanzas","tag-camara-de-diputados","tag-ley-de-instituciones-de-credito","tag-nacional","tag-unidad-de-inteligencia-financiera"],"_links":{"self":[{"href":"https:\/\/www.diarioimagen.net\/index.php?rest_route=\/wp\/v2\/posts\/536262","targetHints":{"allow":["GET"]}}],"collection":[{"href":"https:\/\/www.diarioimagen.net\/index.php?rest_route=\/wp\/v2\/posts"}],"about":[{"href":"https:\/\/www.diarioimagen.net\/index.php?rest_route=\/wp\/v2\/types\/post"}],"author":[{"embeddable":true,"href":"https:\/\/www.diarioimagen.net\/index.php?rest_route=\/wp\/v2\/users\/3"}],"replies":[{"embeddable":true,"href":"https:\/\/www.diarioimagen.net\/index.php?rest_route=%2Fwp%2Fv2%2Fcomments&post=536262"}],"version-history":[{"count":0,"href":"https:\/\/www.diarioimagen.net\/index.php?rest_route=\/wp\/v2\/posts\/536262\/revisions"}],"wp:featuredmedia":[{"embeddable":true,"href":"https:\/\/www.diarioimagen.net\/index.php?rest_route=\/wp\/v2\/media\/536353"}],"wp:attachment":[{"href":"https:\/\/www.diarioimagen.net\/index.php?rest_route=%2Fwp%2Fv2%2Fmedia&parent=536262"}],"wp:term":[{"taxonomy":"category","embeddable":true,"href":"https:\/\/www.diarioimagen.net\/index.php?rest_route=%2Fwp%2Fv2%2Fcategories&post=536262"},{"taxonomy":"post_tag","embeddable":true,"href":"https:\/\/www.diarioimagen.net\/index.php?rest_route=%2Fwp%2Fv2%2Ftags&post=536262"}],"curies":[{"name":"wp","href":"https:\/\/api.w.org\/{rel}","templated":true}]}}