{"id":536278,"date":"2022-02-17T00:03:53","date_gmt":"2022-02-17T06:03:53","guid":{"rendered":"https:\/\/www.diarioimagen.net\/?p=536278"},"modified":"2022-02-17T02:14:28","modified_gmt":"2022-02-17T08:14:28","slug":"firma-de-convenio-de-colaboracion-entre-teleton-y-dif-cuautitlan-izcalli","status":"publish","type":"post","link":"https:\/\/www.diarioimagen.net\/?p=536278","title":{"rendered":"Firma de convenio de colaboraci\u00f3n entre Telet\u00f3n y DIF-Cuautitl\u00e1n Izcalli"},"content":{"rendered":"<p>&nbsp;<\/p>\n<ul>\n<li><strong><em>Fomentan cultura de inclusi\u00f3n<\/em><\/strong><\/li>\n<\/ul>\n<p>&nbsp;<\/p>\n<div id=\"attachment_536368\" style=\"width: 470px\" class=\"wp-caption aligncenter\"><a href=\"https:\/\/www.diarioimagen.net\/?attachment_id=536368\" rel=\"attachment wp-att-536368\"><img loading=\"lazy\" decoding=\"async\" aria-describedby=\"caption-attachment-536368\" class=\"size-full wp-image-536368\" src=\"https:\/\/www.diarioimagen.net\/wp-content\/uploads\/2022\/02\/izcalli-10.jpg\" alt=\"\" width=\"460\" height=\"270\" \/><\/a><p id=\"caption-attachment-536368\" class=\"wp-caption-text\">Se llev\u00f3 a cabo la Firma de Convenio General de Colaboraci\u00f3n entre Telet\u00f3n M\u00e9xico AC y el Sistema Municipal para el Desarrollo Integral de la Familia (DIF) de Cuautitl\u00e1n Izcalli.<\/p><\/div>\n<p>&nbsp;<\/p>\n<p><strong>Cuautitl\u00e1n Izcalli, Estado de M\u00e9xico.\u2014<\/strong> Con la finalidad de trabajar de manera conjunta para dotar a la ciudadan\u00eda izcallense de servicios de calidad, se llev\u00f3 a cabo la Firma de Convenio General de Colaboraci\u00f3n entre Telet\u00f3n M\u00e9xico AC y el Sistema Municipal para el Desarrollo Integral de la Familia (DIF) de Cuautitl\u00e1n Izcalli.<\/p>\n<p>Dicho convenio busca canalizar con el Telet\u00f3n a las personas que lo requieran, generar una cultura de inclusi\u00f3n y apoyar en la mejora de los espacios p\u00fablicos para que personas con alguna discapacidad puedan asistir.<\/p>\n<p>El Centro de Rehabilitaci\u00f3n e Integraci\u00f3n Social (CRIS), cuenta con diversas terapias como son rehabilitaci\u00f3n de lenguaje, audiolog\u00eda, foniatr\u00eda y otoneurolog\u00eda, terapias psicol\u00f3gicas y pedag\u00f3gicas. Adem\u00e1s, cuenta con m\u00e1s de 14 servicios de atenci\u00f3n m\u00e9dica, as\u00ed como los m\u00f3dulos de prevenci\u00f3n de discapacidad (PREVIDIF), expedici\u00f3n de credenciales para personas con discapacidad permanente, certificado o dictamen de discapacidad permanente, atenci\u00f3n a personas ciegas o d\u00e9biles visuales y ense\u00f1anza de braille y lenguaje de se\u00f1as b\u00e1sico.<\/p>\n<p>Representantes del DIF Izcalli destacaron que en el CRIS se ofrecen anualmente m\u00e1s de 19 mil terapias f\u00edsicas y 2 mil 200 consultas en los diferentes servicios ofrecidos, este convenio permitir\u00e1 apoyar a usuarios que m\u00e1s lo necesiten en Izcalli y brindarles una atenci\u00f3n integral y de calidad.<\/p>\n<p>Asimismo, Jorge Alc\u00e1ntara Aguileta, Director General del Sistema Integral Telet\u00f3n, se\u00f1al\u00f3 que esta firma de convenio har\u00e1 una relaci\u00f3n m\u00e1s fuerte para todos los habitantes de Cuautitl\u00e1n Izcalli \u201cponemos a su disposici\u00f3n la capacitaci\u00f3n para temas de discapacidad para colaboradores del municipio\u201d, dijo.<\/p>\n<p>Finalmente, el Gobierno Municipal destac\u00f3 que el convenio con Telet\u00f3n M\u00e9xico permitir\u00e1 promover una cultura de inclusi\u00f3n, impulsar la calidad de vida de los usuarios izcallenses que reciben rehabilitaci\u00f3n y lograr una integraci\u00f3n social plena, as\u00ed como generar espacios para la movilidad de las personas con discapacidad.<\/p>\n<p>Al evento asistieron Jardiel Quintal Delgado, Director General del CRIT (Centro de Rehabilitaci\u00f3n e Inclusi\u00f3n Telet\u00f3n) del Estado de M\u00e9xico, s\u00edndicos y regidores, directores de la Administraci\u00f3n Municipal, diputados, y ni\u00f1as y ni\u00f1os del CRIS y Telet\u00f3n.<\/p>\n","protected":false},"excerpt":{"rendered":"<p>Con la finalidad de trabajar de manera conjunta para dotar a la ciudadan\u00eda izcallense de servicios de calidad, se llev\u00f3 a cabo la Firma de Convenio General de Colaboraci\u00f3n entre Telet\u00f3n M\u00e9xico AC y el Sistema Municipal para el Desarrollo Integral de la Familia (DIF) de Cuautitl\u00e1n Izcalli.<\/p>\n","protected":false},"author":3,"featured_media":536368,"comment_status":"open","ping_status":"open","sticky":false,"template":"","format":"standard","meta":{"_monsterinsights_skip_tracking":false,"_monsterinsights_sitenote_active":false,"_monsterinsights_sitenote_note":"","_monsterinsights_sitenote_category":0,"footnotes":""},"categories":[5],"tags":[971,2954,43675,1175],"class_list":["post-536278","post","type-post","status-publish","format-standard","has-post-thumbnail","hentry","category-estado-de-mexico","tag-cuautitlan-izcalli","tag-dif","tag-estado-de-mexico","tag-teleton"],"_links":{"self":[{"href":"https:\/\/www.diarioimagen.net\/index.php?rest_route=\/wp\/v2\/posts\/536278","targetHints":{"allow":["GET"]}}],"collection":[{"href":"https:\/\/www.diarioimagen.net\/index.php?rest_route=\/wp\/v2\/posts"}],"about":[{"href":"https:\/\/www.diarioimagen.net\/index.php?rest_route=\/wp\/v2\/types\/post"}],"author":[{"embeddable":true,"href":"https:\/\/www.diarioimagen.net\/index.php?rest_route=\/wp\/v2\/users\/3"}],"replies":[{"embeddable":true,"href":"https:\/\/www.diarioimagen.net\/index.php?rest_route=%2Fwp%2Fv2%2Fcomments&post=536278"}],"version-history":[{"count":0,"href":"https:\/\/www.diarioimagen.net\/index.php?rest_route=\/wp\/v2\/posts\/536278\/revisions"}],"wp:featuredmedia":[{"embeddable":true,"href":"https:\/\/www.diarioimagen.net\/index.php?rest_route=\/wp\/v2\/media\/536368"}],"wp:attachment":[{"href":"https:\/\/www.diarioimagen.net\/index.php?rest_route=%2Fwp%2Fv2%2Fmedia&parent=536278"}],"wp:term":[{"taxonomy":"category","embeddable":true,"href":"https:\/\/www.diarioimagen.net\/index.php?rest_route=%2Fwp%2Fv2%2Fcategories&post=536278"},{"taxonomy":"post_tag","embeddable":true,"href":"https:\/\/www.diarioimagen.net\/index.php?rest_route=%2Fwp%2Fv2%2Ftags&post=536278"}],"curies":[{"name":"wp","href":"https:\/\/api.w.org\/{rel}","templated":true}]}}