{"id":536280,"date":"2022-02-17T00:01:54","date_gmt":"2022-02-17T06:01:54","guid":{"rendered":"https:\/\/www.diarioimagen.net\/?p=536280"},"modified":"2022-02-17T02:13:07","modified_gmt":"2022-02-17T08:13:07","slug":"realiza-huixquilucan-jornada-de-salud-visual-para-impulsar-aprovechamiento-de-estudiantes","status":"publish","type":"post","link":"https:\/\/www.diarioimagen.net\/?p=536280","title":{"rendered":"Realiza Huixquilucan jornada de salud visual para impulsar aprovechamiento de estudiantes"},"content":{"rendered":"<p>&nbsp;<\/p>\n<ul>\n<li><strong><em>En la explanada municipal<\/em><\/strong><\/li>\n<\/ul>\n<p>&nbsp;<\/p>\n<div id=\"attachment_536361\" style=\"width: 470px\" class=\"wp-caption aligncenter\"><a href=\"https:\/\/www.diarioimagen.net\/?attachment_id=536361\" rel=\"attachment wp-att-536361\"><img loading=\"lazy\" decoding=\"async\" aria-describedby=\"caption-attachment-536361\" class=\"size-full wp-image-536361\" src=\"https:\/\/www.diarioimagen.net\/wp-content\/uploads\/2022\/02\/huixquilucan-12.jpg\" alt=\"\" width=\"460\" height=\"270\" \/><\/a><p id=\"caption-attachment-536361\" class=\"wp-caption-text\">El gobierno de Huixquilucan realiza la Primera Jornada de Salud Visual 2022 en la explanada municipal.<\/p><\/div>\n<p>&nbsp;<\/p>\n<p><strong>Huixquilucan, Estado de M\u00e9xico.\u2014<\/strong> Para detectar y, en su caso, atender oportunamente cualquier enfermedad ocular que padezcan ni\u00f1os y adultos, el gobierno de Huixquilucan realiza la Primera Jornada de Salud Visual 2022 en la explanada municipal, donde se realizan estudios gratuitos para detectar padecimientos de este tipo y ofrecer lentes a bajo costo para ellos o cualquier persona que los requiera, con el prop\u00f3sito de contribuir a un mejor aprovechamiento escolar en el caso de los menores e impulsar el desarrollo de las familias.<\/p>\n<p>Esta jornada m\u00e9dica se realiza por s\u00e9ptimo a\u00f1o consecutivo en Huixquilucan, a petici\u00f3n de la ciudadan\u00eda, y es la primera de un total de cuatro que se realizar\u00e1n en el municipio en el transcurso del a\u00f1o, para lograr un diagn\u00f3stico oportuno y de calidad a favor de las y los huixquiluquenses.<\/p>\n<p>La presidenta municipal destac\u00f3 que esta jornada de salud visual permitir\u00e1 detectar padecimientos que requieren un tratamiento preventivo, inmediato o, bien, de mayor especialidad como es el caso de cataratas, glaucoma, estrabismo y\/o retinopat\u00eda diab\u00e9tica e hipertensiva metab\u00f3lica, entre otros.<\/p>\n<p>Coment\u00f3 que, en el caso de los estudiantes, la salud visual juega un papel muy importante en su aprovechamiento acad\u00e9mico, ya que cuando tienen alg\u00fan padecimiento, \u00e9ste les impide leer y entender lo que explican los profesores en el pizarr\u00f3n; y en el caso de las clases en l\u00ednea, el uso prolongado de las pantallas puede desarrollar o agudizar alguna problem\u00e1tica, por eso es muy importante estar al pendiente y dar seguimiento de que la vista de los menores est\u00e9 en \u00f3ptimas condiciones.<\/p>\n<p>Entre los servicios que tambi\u00e9n se ofrecen en esta jornada, se encuentran optometr\u00eda geri\u00e1trica y pedi\u00e1trica, oftalmoscop\u00eda, contactolog\u00eda, valoraciones cl\u00ednicas de fondo de ojo y de \u00e1ngulos, ametrop\u00edas, cl\u00ednica ortoptia, detecci\u00f3n de patolog\u00edas, dislexia o astigmatismo alto, conjuntivitis, blefaritis, queratitis y atenci\u00f3n a ojo seco, entre otros, y, en caso de requerir un tratamiento especializado, los pacientes son canalizados a otras instituciones.<\/p>\n<p>La Primera Jornada de Salud Visual estar\u00e1 vigente hasta el 26 de febrero, en un horario de 10:00 a 15:00 horas, en la explanada municipal, ubicada sobre la avenida Nicol\u00e1s Bravo, frente al Palacio Municipal de Huixquilucan, con el apoyo de la Quinta Regidur\u00eda.<\/p>\n","protected":false},"excerpt":{"rendered":"<p>Para detectar y, en su caso, atender oportunamente cualquier enfermedad ocular que padezcan ni\u00f1os y adultos, el gobierno de Huixquilucan realiza la Primera Jornada de Salud Visual 2022 en la explanada municipal, donde se realizan estudios gratuitos para detectar padecimientos de este tipo y ofrecer lentes a bajo costo para ellos o cualquier persona que los requiera, con el prop\u00f3sito de contribuir a un mejor aprovechamiento escolar en el caso de los menores e impulsar el desarrollo de las familias.<\/p>\n","protected":false},"author":3,"featured_media":536361,"comment_status":"open","ping_status":"open","sticky":false,"template":"","format":"standard","meta":{"_monsterinsights_skip_tracking":false,"_monsterinsights_sitenote_active":false,"_monsterinsights_sitenote_note":"","_monsterinsights_sitenote_category":0,"footnotes":""},"categories":[5],"tags":[43675,1097,70217,72205],"class_list":["post-536280","post","type-post","status-publish","format-standard","has-post-thumbnail","hentry","category-estado-de-mexico","tag-estado-de-mexico","tag-huixquilucan","tag-impulsar","tag-visual"],"_links":{"self":[{"href":"https:\/\/www.diarioimagen.net\/index.php?rest_route=\/wp\/v2\/posts\/536280","targetHints":{"allow":["GET"]}}],"collection":[{"href":"https:\/\/www.diarioimagen.net\/index.php?rest_route=\/wp\/v2\/posts"}],"about":[{"href":"https:\/\/www.diarioimagen.net\/index.php?rest_route=\/wp\/v2\/types\/post"}],"author":[{"embeddable":true,"href":"https:\/\/www.diarioimagen.net\/index.php?rest_route=\/wp\/v2\/users\/3"}],"replies":[{"embeddable":true,"href":"https:\/\/www.diarioimagen.net\/index.php?rest_route=%2Fwp%2Fv2%2Fcomments&post=536280"}],"version-history":[{"count":0,"href":"https:\/\/www.diarioimagen.net\/index.php?rest_route=\/wp\/v2\/posts\/536280\/revisions"}],"wp:featuredmedia":[{"embeddable":true,"href":"https:\/\/www.diarioimagen.net\/index.php?rest_route=\/wp\/v2\/media\/536361"}],"wp:attachment":[{"href":"https:\/\/www.diarioimagen.net\/index.php?rest_route=%2Fwp%2Fv2%2Fmedia&parent=536280"}],"wp:term":[{"taxonomy":"category","embeddable":true,"href":"https:\/\/www.diarioimagen.net\/index.php?rest_route=%2Fwp%2Fv2%2Fcategories&post=536280"},{"taxonomy":"post_tag","embeddable":true,"href":"https:\/\/www.diarioimagen.net\/index.php?rest_route=%2Fwp%2Fv2%2Ftags&post=536280"}],"curies":[{"name":"wp","href":"https:\/\/api.w.org\/{rel}","templated":true}]}}