{"id":536284,"date":"2022-02-17T00:02:31","date_gmt":"2022-02-17T06:02:31","guid":{"rendered":"https:\/\/www.diarioimagen.net\/?p=536284"},"modified":"2022-02-17T02:13:40","modified_gmt":"2022-02-17T08:13:40","slug":"celula-anti-covid-en-cuautitlan-hace-un-llamado-al-uso-correcto-del-cubrebocas","status":"publish","type":"post","link":"https:\/\/www.diarioimagen.net\/?p=536284","title":{"rendered":"C\u00e9lula anti-Covid en Cuautitl\u00e1n hace un llamado al uso correcto del cubrebocas\u00a0"},"content":{"rendered":"<p>&nbsp;<\/p>\n<ul>\n<li><strong><em>Ha realizado m\u00e1s de 40 recorridos<\/em><\/strong><\/li>\n<\/ul>\n<p>&nbsp;<\/p>\n<div id=\"attachment_536364\" style=\"width: 470px\" class=\"wp-caption aligncenter\"><a href=\"https:\/\/www.diarioimagen.net\/?attachment_id=536364\" rel=\"attachment wp-att-536364\"><img loading=\"lazy\" decoding=\"async\" aria-describedby=\"caption-attachment-536364\" class=\"size-full wp-image-536364\" src=\"https:\/\/www.diarioimagen.net\/wp-content\/uploads\/2022\/02\/cuautitlan-3.jpg\" alt=\"\" width=\"460\" height=\"270\" \/><\/a><p id=\"caption-attachment-536364\" class=\"wp-caption-text\">La C\u00e9lula Anti-Covid ha realizado m\u00e1s de 40 recorridos y entregado m\u00e1s de 5 mil volantes informativos en varias zonas de Cuautitl\u00e1n.<\/p><\/div>\n<p>&nbsp;<\/p>\n<p><strong>Cuautitl\u00e1n, Estado de M\u00e9xico.\u2014<\/strong> Desde el 31 de enero pasado se conform\u00f3 la C\u00e9lula Anti-Covid, integrada por las direcciones de Seguridad P\u00fablica, Desarrollo Econ\u00f3mico, Movilidad, Atenci\u00f3n Ciudadana, Subdirecci\u00f3n de Salud y Protecci\u00f3n Civil para invitar a la ciudadan\u00eda a usar correctamente el cubrebocas.<\/p>\n<p>Hasta el momento la C\u00e9lula Anti-Covid ha realizado m\u00e1s de 40 recorridos y entregado m\u00e1s de 5 mil volantes informativos en el Jard\u00edn Principal, Parque de la Cruz, Mercado San Blas, Plaza Centella, Parque San Mateo, San Francisco Cascantitlan, entre otros.<\/p>\n<p>Durante sus recorridos los elementos de la C\u00e9lula Anti-Covid, quienes portan un chaleco rosa para que sean identificados, invitan a la ciudadan\u00eda y propietarios de establecimientos comerciales aplicar las medidas sanitarias preventivas, colocan carteles en las unidades comerciales y entregan cubrebocas.<\/p>\n<p>Las autoridades de salud han informado que el 80 por ciento de la transmisi\u00f3n del virus es principalmente por la nariz y boca, por lo que destacan que el uso correcto sea una de las medidas m\u00e1s difundidas entre la poblaci\u00f3n.<\/p>\n<p>En una suma de esfuerzos por frenar los contagios en la localidad, la Direcci\u00f3n de Movilidad aplic\u00f3 el operativo de sanitizaci\u00f3n de unidades del transporte p\u00fablico frente al fraccionamiento Santa Elena, con la entrega de cubrebocas a los pasajeros y sobre la carretera a Tultepec se visitaron establecimientos comerciales para hacer las recomendaciones a la ciudadan\u00eda.<\/p>\n<p>Adem\u00e1s, de forma programada se lleva a cabo el perifoneo en colonias y fraccionamientos, haciendo hincapi\u00e9 en las recomendaciones, cabe apuntar que seg\u00fan datos de las autoridades de salud el 80 por ciento de las personas contagiadas no presentan s\u00edntomas dejando de usar el cubrebocas, por lo que se reforzar\u00e1 la difusi\u00f3n de estas medidas sanitarias entre comerciantes semifijos, mercados, tianguis y restaurantes, adem\u00e1s dem\u00e1s de las comunidades, transporte p\u00fablico, reportaron los encargados de este programa.<\/p>\n","protected":false},"excerpt":{"rendered":"<p>Desde el 31 de enero pasado se conform\u00f3 la C\u00e9lula Anti-Covid, integrada por las direcciones de Seguridad P\u00fablica, Desarrollo Econ\u00f3mico, Movilidad, Atenci\u00f3n Ciudadana, Subdirecci\u00f3n de Salud y Protecci\u00f3n Civil para invitar a la ciudadan\u00eda a usar correctamente el cubrebocas.<\/p>\n","protected":false},"author":3,"featured_media":536364,"comment_status":"open","ping_status":"open","sticky":false,"template":"","format":"standard","meta":{"_monsterinsights_skip_tracking":false,"_monsterinsights_sitenote_active":false,"_monsterinsights_sitenote_note":"","_monsterinsights_sitenote_category":0,"footnotes":""},"categories":[5],"tags":[94625,681,90364,43675,55617],"class_list":["post-536284","post","type-post","status-publish","format-standard","has-post-thumbnail","hentry","category-estado-de-mexico","tag-correcto","tag-cuautitlan","tag-cubrebocas","tag-estado-de-mexico","tag-llamado"],"_links":{"self":[{"href":"https:\/\/www.diarioimagen.net\/index.php?rest_route=\/wp\/v2\/posts\/536284","targetHints":{"allow":["GET"]}}],"collection":[{"href":"https:\/\/www.diarioimagen.net\/index.php?rest_route=\/wp\/v2\/posts"}],"about":[{"href":"https:\/\/www.diarioimagen.net\/index.php?rest_route=\/wp\/v2\/types\/post"}],"author":[{"embeddable":true,"href":"https:\/\/www.diarioimagen.net\/index.php?rest_route=\/wp\/v2\/users\/3"}],"replies":[{"embeddable":true,"href":"https:\/\/www.diarioimagen.net\/index.php?rest_route=%2Fwp%2Fv2%2Fcomments&post=536284"}],"version-history":[{"count":0,"href":"https:\/\/www.diarioimagen.net\/index.php?rest_route=\/wp\/v2\/posts\/536284\/revisions"}],"wp:featuredmedia":[{"embeddable":true,"href":"https:\/\/www.diarioimagen.net\/index.php?rest_route=\/wp\/v2\/media\/536364"}],"wp:attachment":[{"href":"https:\/\/www.diarioimagen.net\/index.php?rest_route=%2Fwp%2Fv2%2Fmedia&parent=536284"}],"wp:term":[{"taxonomy":"category","embeddable":true,"href":"https:\/\/www.diarioimagen.net\/index.php?rest_route=%2Fwp%2Fv2%2Fcategories&post=536284"},{"taxonomy":"post_tag","embeddable":true,"href":"https:\/\/www.diarioimagen.net\/index.php?rest_route=%2Fwp%2Fv2%2Ftags&post=536284"}],"curies":[{"name":"wp","href":"https:\/\/api.w.org\/{rel}","templated":true}]}}