{"id":536309,"date":"2022-02-17T00:02:53","date_gmt":"2022-02-17T06:02:53","guid":{"rendered":"https:\/\/www.diarioimagen.net\/?p=536309"},"modified":"2022-02-17T00:44:19","modified_gmt":"2022-02-17T06:44:19","slug":"las-huestes-de-amlo-contra-periodistas","status":"publish","type":"post","link":"https:\/\/www.diarioimagen.net\/?p=536309","title":{"rendered":"Las huestes de AMLO contra periodistas"},"content":{"rendered":"<h2>La Retaguardia<\/h2>\n<h5>Adriana Moreno Cordero<\/h5>\n<p>&nbsp;<\/p>\n<ul>\n<li><strong><em>El Presidente retoma desprop\u00f3sito de acabar con organismos aut\u00f3nomos<\/em><\/strong><\/li>\n<\/ul>\n<p>&nbsp;<\/p>\n<p>\u00bfCon qu\u00e9 calidad moral\u00a0 puede el presidente <strong>Andr\u00e9s Manuel L\u00f3pez Obrador<\/strong> decir que siempre ha cumplido con cuidar la vida no s\u00f3lo de los periodistas, sino de todos los mexicanos y que seguir\u00e1 apoyando al gremio period\u00edstico?, esto porque el tabasque\u00f1o se ha encargado de polarizar a sus leales y ciegas huestes que lo representan en el Congreso de la Uni\u00f3n, en suma a toda su administraci\u00f3n en contra de los representantes de los medios.<\/p>\n<p>En el fondo de este asunto est\u00e1 tambi\u00e9n el de los periodistas que han sido asesinados y ah\u00ed, el inquilino de Palacio Nacional supone que como hoy estar\u00e1 en Tijuana, Baja California, pues entonces ya \u201ccomo por arte de magia\u201d, se van a resolver los casos de los asesinatos de <strong>Lourdes Maldonado<\/strong> y\u00a0 el fotoperiodista <strong>Margarito Mart\u00ednez.<\/strong> No hay que olvidar en este sentido, que por lo que se refiere al caso de Lourdes, el Presidente hizo todo lo posible para deslindar de cualquier probable responsabilidad ni m\u00e1s ni menos que al ex gobernador de Baja California, <strong>Jaime Bonilla<\/strong>, con quien la referida periodista tuvo un conflicto laboral.<\/p>\n<p>Pero no, desde hoy puede adelantarse que nada fuera de la normalidad de esta errada y llamada Cuarta Transformaci\u00f3n suceder\u00e1 hoy en Tijuana; si acaso, que la gobernadora <strong>Marina del Pilar Avila<\/strong>, le contar\u00e1 a su jefe -a lo mejor con l\u00e1grimas en los ojos- c\u00f3mo llev\u00f3 a su hijo reci\u00e9n nacido al Palacio de Gobierno de Mexicali y parada frente a la foto de L\u00f3pez Obrador le present\u00f3 a quien, a su juicio, es \u201cel mejor Presidente que ha tenido M\u00e9xico\u201d. No, pues s\u00ed.<\/p>\n<p>Y acudir\u00e1 el de Tepetit\u00e1n a tierras tijuanenses, seguramente, con un\u00a0 nuevo coraje -de esos que calan-, pues ayer, el Instituto Nacional de Transparencia, Acceso a la Informaci\u00f3n y Protecci\u00f3n de Datos Personales (INAI), cuya titular es <strong>Blanca Lilia Ibarra<\/strong>, le hizo saber al mandatario que sobre la carta que envi\u00f3, \u201cen referencia a su petici\u00f3n, consistente en que este instituto lleve a cabo una investigaci\u00f3n para hacer p\u00fablicas las percepciones, los bienes y el origen de la riqueza que posee el se\u00f1or <strong>Carlos Loret de Mola<\/strong>, socios y familiares, se le informa que el INAI no cuenta con facultades constitucionales y legales para realizar investigaciones como la solicitada\u201d e hizo hincapi\u00e9 en que la Ley General de Protecci\u00f3n de Datos Personales y cualquier excepci\u00f3n debe fundamentarse en la Ley.<\/p>\n<p>La solicitud hecha por el tabasque\u00f1o es algo simplemente imposible y en su respuesta, el INAI se acoge a la Constituci\u00f3n. Olvida el Ejecutivo que \u00e9l no es un simple ciudadano y que exhibir datos personales de cualquier ciudadano, simple y llanamente, violenta la Ley. Tambi\u00e9n soslaya que el INAI no es due\u00f1o de la informaci\u00f3n que celosamente resguarda, en todo caso, es un veh\u00edculo muy \u00fatil, por cierto, cuando alg\u00fan particular, empresa o persona\u00a0 moral tiene la intenci\u00f3n de utilizar los datos personales con fines il\u00edcitos y qui\u00e9n lo dir\u00eda, eso es lo que precisamente pretende L\u00f3pez Obrador, que evidentemente carece a todas luces de una ruta de acci\u00f3n.<\/p>\n<p>Seguir polarizando, continuar golpeando a la autonom\u00eda, es la aberrante \u201cestrategia\u201d, que m\u00e1s bien es un total desprop\u00f3sito, que se ha trazado el inquilino de Palacio Nacional sobre todo, ante el desastre en el que tiene sumido a M\u00e9xico.<\/p>\n<p>L\u00f3pez Obrador trabaja -seg\u00fan \u00e9l- para que su partido, Morena, gane en las elecciones que se llevar\u00e1n a cabo en seis estados en este a\u00f1o, donde hasta el momento, el PAN tiene posibilidades de retener Aguascalientes y, a m\u00e1s largo plazo, en 2024, el partido oficial retenga la Presidencia de la Rep\u00fablica y para eso, precisamente, desea vehementemente tener un Instituto Nacional Electoral a modo, es decir, con consejeros morenistas.<\/p>\n<p>En este orden de ideas, por lo que respecta al INE, la intenci\u00f3n del Presidente es que con su in\u00fatil ejercicio de Revocaci\u00f3n (ratificaci\u00f3n) de Mandato, al no haber dotado de recursos necesarios a dicho Instituto, tenga forma de desacreditarlos y descalificarlos y as\u00ed, meter mano en el INE.<\/p>\n<p>Ah\u00ed est\u00e1 como prueba ayer, cuando en dicho Instituto inici\u00f3 la impresi\u00f3n de 94.5 millones de boletas para dicha Revocaci\u00f3n, que no se imprimieron en papel seguridad por el \u201caustericidio\u201d impuesto desde Palacio Nacional, la ausencia del secretario de Gobernaci\u00f3n, <strong>Ad\u00e1n Augusto L\u00f3pez<\/strong>, fue evidente; puede decirse que no cont\u00f3 con el permiso de su jefe para asistir.<\/p>\n<p>Por otro lado, en el gustad\u00edsimo \u201cstand-up\u201d ma\u00f1anero de hoy, que tendr\u00e1 lugar en Tijuana, donde los reporteros se manifestar\u00e1n en solidaridad con los periodistas asesinados y las descalificaciones lanzadas a reporteros, el Presidente -en esta din\u00e1mica de acabar con los organismos aut\u00f3nomos- se lanzar\u00e1 a la yugular del INAI y har\u00e1 doble berrinche por el recibimiento que le dar\u00e1n los representantes de los medios por la situaci\u00f3n que \u00e9l mismo ha propiciado.<\/p>\n<p>Pero el tabasque\u00f1o no voltea a ver la m\u00e1s que evidente ignorancia y falta de oficio por parte de su equipo jur\u00eddico que encabeza la flamante <strong>Mar\u00eda Estela R\u00edos Gonz\u00e1lez<\/strong> que lo \u00fanico que sabe hacer bien, es arengar porras a favor de su jefe en eventos p\u00fablicos, como aquel que se llev\u00f3 a cabo en el Z\u00f3calo y que el Ejecutivo denomin\u00f3 \u201cA mitad del camino\u201d.<\/p>\n<p>Dentro de todo este remolino, lo \u00fanico bueno es que L\u00f3pez Obrador necesitar\u00eda mayor\u00eda calificada para acabar con los organismos aut\u00f3nomos y no la tiene en el Congreso, adem\u00e1s su imagen se va deteriorando cada d\u00eda m\u00e1s y como muestra est\u00e1 que se pospuso hasta nuevo aviso un aumento en el pago en casetas en diversas carreteras.<\/p>\n<p style=\"text-align: center;\"><strong>Municiones<\/strong><\/p>\n<p>*** La noche del martes, m\u00e1s de seis balaceras se registraron en Caborca, Sonora, y generaron terror, pues hubo asesinatos, personas inocentes secuestradas y ninguna referencia, ni siquiera de lejos por parte del presidente L\u00f3pez Obrador; pues c\u00f3mo iba a ser si otro de sus gobernadores consentidos es <strong>Alfonso Durazo<\/strong>. Ante este hecho sangriento, <strong>Mar\u00eda Dolores del R\u00edo S\u00e1nchez<\/strong>, secretaria de Seguridad de Sonora, utiliz\u00f3 la consabida excusa cuando las autoridades se ven rebasadas: Que se trat\u00f3 en un enfrentamiento entre bandas de delincuencia organizada. La secretaria de Seguridad inform\u00f3 que inmediatamente se activ\u00f3 la polic\u00eda estatal y municipal y que se detuvieron 3 personas, se aseguraron cuatro veh\u00edculos y armamento diverso. Se supone que ya hay una estrategia coordinada para que hagan presencia en Caborca, un mayor n\u00famero de Sedena y Guardia Nacional para generar condiciones de tranquilidad. Por su parte, el alcalde <strong>Abraham David Mier Nogales<\/strong>, hizo un llamado a la poblaci\u00f3n para el toque de queda a partir de las diez de la noche, pero dijo desconocer qu\u00e9 grupo propici\u00f3 estos hechos violentos, pero eso s\u00ed, indic\u00f3 que tiene todo el apoyo del gobernador Durazo. \u00bfSer\u00e1?<\/p>\n<p><u><a href=\"mailto:morcora@gmail.com\" target=\"_blank\" rel=\"noopener noreferrer\"><em>morcora@gmail.com<\/em><\/a><\/u><\/p>\n","protected":false},"excerpt":{"rendered":"<p><span style=\"color: #005497;\"><strong>Adriana Moreno Cordero<\/strong><\/span><\/p>\n","protected":false},"author":3,"featured_media":0,"comment_status":"open","ping_status":"open","sticky":false,"template":"","format":"standard","meta":{"_monsterinsights_skip_tracking":false,"_monsterinsights_sitenote_active":false,"_monsterinsights_sitenote_note":"","_monsterinsights_sitenote_category":0,"footnotes":""},"categories":[69370],"tags":[69369,69368,43674],"class_list":["post-536309","post","type-post","status-publish","format-standard","hentry","category-adriana-moreno-cordero","tag-adriana-moreno-cordero","tag-la-retaguardia","tag-opinion"],"_links":{"self":[{"href":"https:\/\/www.diarioimagen.net\/index.php?rest_route=\/wp\/v2\/posts\/536309","targetHints":{"allow":["GET"]}}],"collection":[{"href":"https:\/\/www.diarioimagen.net\/index.php?rest_route=\/wp\/v2\/posts"}],"about":[{"href":"https:\/\/www.diarioimagen.net\/index.php?rest_route=\/wp\/v2\/types\/post"}],"author":[{"embeddable":true,"href":"https:\/\/www.diarioimagen.net\/index.php?rest_route=\/wp\/v2\/users\/3"}],"replies":[{"embeddable":true,"href":"https:\/\/www.diarioimagen.net\/index.php?rest_route=%2Fwp%2Fv2%2Fcomments&post=536309"}],"version-history":[{"count":0,"href":"https:\/\/www.diarioimagen.net\/index.php?rest_route=\/wp\/v2\/posts\/536309\/revisions"}],"wp:attachment":[{"href":"https:\/\/www.diarioimagen.net\/index.php?rest_route=%2Fwp%2Fv2%2Fmedia&parent=536309"}],"wp:term":[{"taxonomy":"category","embeddable":true,"href":"https:\/\/www.diarioimagen.net\/index.php?rest_route=%2Fwp%2Fv2%2Fcategories&post=536309"},{"taxonomy":"post_tag","embeddable":true,"href":"https:\/\/www.diarioimagen.net\/index.php?rest_route=%2Fwp%2Fv2%2Ftags&post=536309"}],"curies":[{"name":"wp","href":"https:\/\/api.w.org\/{rel}","templated":true}]}}