{"id":536315,"date":"2022-02-17T00:01:22","date_gmt":"2022-02-17T06:01:22","guid":{"rendered":"https:\/\/www.diarioimagen.net\/?p=536315"},"modified":"2022-02-17T00:46:28","modified_gmt":"2022-02-17T06:46:28","slug":"impunidad-presidencial","status":"publish","type":"post","link":"https:\/\/www.diarioimagen.net\/?p=536315","title":{"rendered":"Impunidad presidencial"},"content":{"rendered":"<h2>De pe a pa<\/h2>\n<h5>Alberto Vieyra G.<\/h5>\n<p>&nbsp;<\/p>\n<p>Le llueve sobre mojado a la familia presidencial por nuevos actos de corrupci\u00f3n de Jos\u00e9 Ram\u00f3n L\u00f3pez Beltr\u00e1n, hijo del Presidente, quien revel\u00f3 que la empresa en la que trabaja en Estados Unidos es propiedad de un s\u00faper amigo de su ap\u00e1, de nombre Daniel Ch\u00e1vez, quien es el actual supervisor de los trabajos del Tren Maya, por los que supuestamente trabaja <em>de oquis<\/em>.<\/p>\n<p>El nuevo esc\u00e1ndalo que se suma a la de la casita en Texas, revela tambi\u00e9n que Daniel Ch\u00e1vez, es un <em>picudo<\/em> empresario sonorense que compr\u00f3 200 millones de pesos en cachitos para la rifa del avi\u00f3n presidencial, dinero del que por cierto se esfum\u00f3 y nadie sabe nada en d\u00f3nde <em>bolsearon a Chuchita<\/em> y tambi\u00e9n regal\u00f3 un terreno de 2 mil hect\u00e1reas para construir obras de la CFE en Sonora. Vaya esplendido sonorense, pero lo menos que la gente se pregunta es: \u00bfY dar\u00e1 <em>paso sin huarache<\/em> este hombre, que hoy salta a la palestra y que exhibe al hijo del Presidente en un nuevo conflicto de inter\u00e9s?<\/p>\n<p>Sobre el \u2018Loretazo\u2019, el periodista e intelectual H\u00e9ctor Aguilar Cam\u00edn escribir\u00eda un fascinante art\u00edculo en <em>Milenio<\/em> titulado <em>La impunidad presidencial<\/em> y por su importancia lo leo tal cual, dice:<\/p>\n<p>\u201cSeg\u00fan la Barra Mexicana de Abogados, al divulgar los supuestos ingresos del periodista Carlos Loret de Mola, el presidente L\u00f3pez Obrador viol\u00f3 el art\u00edculo 16 de la Constituci\u00f3n, que garantiza el derecho humano a la protecci\u00f3n de los datos personales.<\/p>\n<p>Viol\u00f3 tambi\u00e9n el art\u00edculo 69 del C\u00f3digo Fiscal de la Federaci\u00f3n, que establece el derecho de los contribuyentes al secreto fiscal.<\/p>\n<p>Tambi\u00e9n, el art\u00edculo 6 de la Ley General de Protecci\u00f3n de Datos Personales; el art\u00edculo 31 de esa misma ley que garantiza la confidencialidad de esos datos. Y el 142 de la Ley de Instituciones de Cr\u00e9dito, que establece \u201cresponsabilidades administrativas, civiles o penales\u201d al \u201cservidor p\u00fablico\u201d que \u201cquebrante la reserva de las actuaciones, proporcione copias de los mismos o revele informaci\u00f3n\u201d.<\/p>\n<p>Seg\u00fan la Barra Mexicana de Abogados, el Presidente despleg\u00f3 tambi\u00e9n una conducta intimidante contra la libertad de expresi\u00f3n y el derecho a la informaci\u00f3n, garant\u00edas centrales de un Estado democr\u00e1tico, seg\u00fan criterios de la Suprema Corte.<\/p>\n<p>La Barra de Abogados exigi\u00f3 al Presidente que diera la fuente de su informaci\u00f3n, pues podr\u00eda configurarse ah\u00ed la comisi\u00f3n de otro delito, esta vez por parte de la autoridad hacendaria.<\/p>\n<p>Podr\u00edan seguirse acumulando violaciones a la ley, pero eso no cambiar\u00eda la impunidad fundamental del Presidente, en este caso, una impunidad validada por las leyes y consustancial a su puesto, pues el Presidente es inatacable en tribunales por delitos que no sean traici\u00f3n a la patria, fraude electoral y corrupci\u00f3n.<\/p>\n<p>El escudo legal de que goza el Presidente es un instrumento de protecci\u00f3n necesario, pues de otra manera el Ejecutivo podr\u00eda pasarse su gobierno respondiendo querellas en los tribunales.<\/p>\n<p>Pero del escudo para violar leyes no puede considerarse sino como un abuso moral del privilegio jur\u00eddico, una especie de alarde de impunidad por el m\u00e1s alto cargo de la Naci\u00f3n, cuyo juramento primero es \u201ccumplir y hacer cumplir la ley\u201d.<\/p>\n<p>Durante su gira por Sonora, en Y\u00e9cora, el Presidente respondi\u00f3 a reporteros que le preguntaban por la ilegalidad de sus revelaciones. Respondi\u00f3: \u201cEs bueno el di\u00e1logo, el debate, eso es la democracia\u201d.<\/p>\n<p>Pero lo que hizo AMLO no fue di\u00e1logo, debate ni democracia. Es pura y dura impunidad presidencial\u201d.<\/p>\n<p><a href=\"mailto:info@agenciamn.com\" target=\"_blank\" rel=\"noopener noreferrer\"><em>info@agenciamn.com<\/em><\/a><\/p>\n","protected":false},"excerpt":{"rendered":"<p><span style=\"color: #005497;\"><strong>Alberto Vieyra G.<\/strong><\/span><\/p>\n","protected":false},"author":3,"featured_media":0,"comment_status":"open","ping_status":"open","sticky":false,"template":"","format":"standard","meta":{"_monsterinsights_skip_tracking":false,"_monsterinsights_sitenote_active":false,"_monsterinsights_sitenote_note":"","_monsterinsights_sitenote_category":0,"footnotes":""},"categories":[4596],"tags":[43697,4597,43674],"class_list":["post-536315","post","type-post","status-publish","format-standard","hentry","category-alberto-vieyra-g","tag-alberto-vieyra-g","tag-de-pe-a-pa","tag-opinion"],"_links":{"self":[{"href":"https:\/\/www.diarioimagen.net\/index.php?rest_route=\/wp\/v2\/posts\/536315","targetHints":{"allow":["GET"]}}],"collection":[{"href":"https:\/\/www.diarioimagen.net\/index.php?rest_route=\/wp\/v2\/posts"}],"about":[{"href":"https:\/\/www.diarioimagen.net\/index.php?rest_route=\/wp\/v2\/types\/post"}],"author":[{"embeddable":true,"href":"https:\/\/www.diarioimagen.net\/index.php?rest_route=\/wp\/v2\/users\/3"}],"replies":[{"embeddable":true,"href":"https:\/\/www.diarioimagen.net\/index.php?rest_route=%2Fwp%2Fv2%2Fcomments&post=536315"}],"version-history":[{"count":0,"href":"https:\/\/www.diarioimagen.net\/index.php?rest_route=\/wp\/v2\/posts\/536315\/revisions"}],"wp:attachment":[{"href":"https:\/\/www.diarioimagen.net\/index.php?rest_route=%2Fwp%2Fv2%2Fmedia&parent=536315"}],"wp:term":[{"taxonomy":"category","embeddable":true,"href":"https:\/\/www.diarioimagen.net\/index.php?rest_route=%2Fwp%2Fv2%2Fcategories&post=536315"},{"taxonomy":"post_tag","embeddable":true,"href":"https:\/\/www.diarioimagen.net\/index.php?rest_route=%2Fwp%2Fv2%2Ftags&post=536315"}],"curies":[{"name":"wp","href":"https:\/\/api.w.org\/{rel}","templated":true}]}}