{"id":536316,"date":"2022-02-17T00:08:30","date_gmt":"2022-02-17T06:08:30","guid":{"rendered":"https:\/\/www.diarioimagen.net\/?p=536316"},"modified":"2022-02-17T00:49:38","modified_gmt":"2022-02-17T06:49:38","slug":"violencia-no-cede","status":"publish","type":"post","link":"https:\/\/www.diarioimagen.net\/?p=536316","title":{"rendered":"Violencia no cede"},"content":{"rendered":"<h2>Punto por punto<\/h2>\n<h5>Augusto Corro<\/h5>\n<p>&nbsp;<\/p>\n<p>La espiral de violencia contin\u00faa y no se ve la estrategia para frenarla. La poblaci\u00f3n se encuentra indefensa. Sufre todo tipo de agresiones, entre estas los secuestros, feminicidios y asesinatos. Las autoridades s\u00f3lo reflejan incapacidad para controlar la criminalidad.<\/p>\n<p>Uno de los \u00faltimos casos que impact\u00f3 a la opini\u00f3n p\u00fablica es el del exdiputado y popular activista, Pedro Carrizales, \u201cEl Mijis\u201d, quien lleva m\u00e1s de quince d\u00edas desaparecido. Su esposa, Miriam Mart\u00ednez Vargas, solicit\u00f3 ayuda al presidente L\u00f3pez Obrador para encontrarlo.<\/p>\n<p>La informaci\u00f3n sobre el paradero de Carrizales se basa en especulaciones que surgen de diferentes sitios. Las autoridades dijeron que realizan su b\u00fasqueda, pero no rinden resultados.<\/p>\n<p>En M\u00e9xico, el problema de las desapariciones de personas es grave. Seg\u00fan las cifras, de 2006 al 12 de enero de 2022, no se sabe el paradero de setenta y ocho mil 107. Situaci\u00f3n m\u00e1s que alarmante, que no parece importarle tanto a las autoridades.<\/p>\n<p>En Zacatecas, se confirm\u00f3 la muerte de cuatro estudiantes universitarios quienes estaban desaparecidos. La Fiscal\u00eda inform\u00f3 que los j\u00f3venes fueron privados de la libertad cuando sal\u00edan de un centro nocturno.<\/p>\n<p>Los hechos violentos se repiten. El 5 de febrero, las autoridades de Zacatecas encontraron los cuerpos de 17 personas en distintos puntos del estado. La inseguridad est\u00e1 ligada a las pugnas de los c\u00e1rteles de la droga.<\/p>\n<p>Se mencion\u00f3 que en la disputa por la plaza participan el C\u00e1rtel Jalisco Nueva Generaci\u00f3n (CJNG) y el C\u00e1rtel de Sinaloa. Esas bandas son las encargadas de matar y colgar de puentes a sus enemigos.<\/p>\n<p>La violencia tambi\u00e9n golpea al estado de Colima. En este mes de febrero en la citada entidad se registraron por lo menos 23 asesinatos, una decena de heridos por arma de fuego, balaceras y secuestros.<\/p>\n<p>Como en Zacatecas, en Colima se da la pugna por el control de la zona entre el C\u00e1rtel Jalisco Nueva Generaci\u00f3n (CJNG) y la banda denominada Los Mezcales, perteneciente al C\u00e1rtel de Sinaloa.<\/p>\n<p>Adem\u00e1s, los colimenses fueron testigos de hechos violentos como el incendio de una camioneta, una casa, un predio y disparos en una vivienda. Contin\u00faa la inseguridad en el estado.<\/p>\n<p>En Michoac\u00e1n, la delincuencia organizada ampl\u00eda sus m\u00e9todos de lucha en Michoac\u00e1n. La \u00faltima v\u00edctima de los criminales fue un campesino. El hombre realizaba labores agr\u00edcolas cuando piso una mina terrestre que estall\u00f3. Tambi\u00e9n su hijo Humberto, de 45 a\u00f1os, result\u00f3 herido.<\/p>\n<p>El hecho ocurri\u00f3 en el municipio de Aguililla, concretamente en la comunidad de El Aguaje. La v\u00edctima fue identificada como Crist\u00f3bal M., de 79 a\u00f1os, quien realizaba labores agr\u00edcolas, cuando accidentalmente pis\u00f3 el artefacto explosivo.\u00a0 Humberto fue internado en un hospital de Apatzing\u00e1n.<\/p>\n<p>A finales de enero, una mina deton\u00f3 cuando un convoy militar recorr\u00eda una brecha en Apatzing\u00e1n, que dej\u00f3 a un soldado lesionado. El jueves 10 de febrero m\u00e1s de mil elementos del Ej\u00e9rcito Mexicano ingresaron a Naranjo y San Jos\u00e9 de Chila en el municipio de Aguililla, zona controlada por el C\u00e1rtel Jalisco Nueva Generaci\u00f3n (CJNG).<\/p>\n<p>La presencia de elementos de la fuerza p\u00fablica tambi\u00e9n ha sido infructuosa en Michoac\u00e1n. La espiral de violencia es permanente en ese estado.<\/p>\n<p>En el Informe de Seguridad del Secretariado Ejecutivo se se\u00f1al\u00f3 que la ola homicida que sufre M\u00e9xico sigue creciendo. Durante el primer mes de 2022, el pa\u00eds registr\u00f3 2 mil 61 v\u00edctimas mortales.<\/p>\n<p>Entre las entidades con m\u00e1s homicidios destacan Guanajuato, Michoac\u00e1n, Estado de M\u00e9xico, Zacatecas, Baja California y Chihuahua, todos por encima de los cinco asesinatos diarios. Como se\u00f1alamos l\u00edneas arriba, las ejecuciones a manos de la delincuencia organizada, la aparici\u00f3n de cuerpos colgados en puentes y ataques criminales predominaron en enero. As\u00ed pues, la inseguridad se niega a desaparecer.<\/p>\n<p>\u00bfUsted qu\u00e9 opina amable lector?<\/p>\n<p><a href=\"mailto:aco2742@hotmail.com\" target=\"_blank\" rel=\"noopener noreferrer\"><em>aco2742@hotmail.com<\/em><\/a><\/p>\n","protected":false},"excerpt":{"rendered":"<p><span style=\"color: #005497;\"><strong>Augusto Corro<\/strong><\/span><\/p>\n","protected":false},"author":3,"featured_media":0,"comment_status":"open","ping_status":"open","sticky":false,"template":"","format":"standard","meta":{"_monsterinsights_skip_tracking":false,"_monsterinsights_sitenote_active":false,"_monsterinsights_sitenote_note":"","_monsterinsights_sitenote_category":0,"footnotes":""},"categories":[157],"tags":[43686,43674,11515],"class_list":["post-536316","post","type-post","status-publish","format-standard","hentry","category-augusto-corro","tag-augusto-corro","tag-opinion","tag-punto-por-punto"],"_links":{"self":[{"href":"https:\/\/www.diarioimagen.net\/index.php?rest_route=\/wp\/v2\/posts\/536316","targetHints":{"allow":["GET"]}}],"collection":[{"href":"https:\/\/www.diarioimagen.net\/index.php?rest_route=\/wp\/v2\/posts"}],"about":[{"href":"https:\/\/www.diarioimagen.net\/index.php?rest_route=\/wp\/v2\/types\/post"}],"author":[{"embeddable":true,"href":"https:\/\/www.diarioimagen.net\/index.php?rest_route=\/wp\/v2\/users\/3"}],"replies":[{"embeddable":true,"href":"https:\/\/www.diarioimagen.net\/index.php?rest_route=%2Fwp%2Fv2%2Fcomments&post=536316"}],"version-history":[{"count":0,"href":"https:\/\/www.diarioimagen.net\/index.php?rest_route=\/wp\/v2\/posts\/536316\/revisions"}],"wp:attachment":[{"href":"https:\/\/www.diarioimagen.net\/index.php?rest_route=%2Fwp%2Fv2%2Fmedia&parent=536316"}],"wp:term":[{"taxonomy":"category","embeddable":true,"href":"https:\/\/www.diarioimagen.net\/index.php?rest_route=%2Fwp%2Fv2%2Fcategories&post=536316"},{"taxonomy":"post_tag","embeddable":true,"href":"https:\/\/www.diarioimagen.net\/index.php?rest_route=%2Fwp%2Fv2%2Ftags&post=536316"}],"curies":[{"name":"wp","href":"https:\/\/api.w.org\/{rel}","templated":true}]}}