{"id":536319,"date":"2022-02-17T00:03:36","date_gmt":"2022-02-17T06:03:36","guid":{"rendered":"https:\/\/www.diarioimagen.net\/?p=536319"},"modified":"2022-02-17T00:51:27","modified_gmt":"2022-02-17T06:51:27","slug":"nos-queremos-vivos-papa-amlo-papa-loret","status":"publish","type":"post","link":"https:\/\/www.diarioimagen.net\/?p=536319","title":{"rendered":"\u201cNos queremos vivos\u201d. Pap\u00e1 AMLO, pap\u00e1 Loret"},"content":{"rendered":"<h2>Espacio Electoral<\/h2>\n<h5>Eleazar Flores<\/h5>\n<p><strong>\u00a0<\/strong><\/p>\n<p><strong>TODA LA RAZ\u00d3N-.<\/strong> Uno nunca sabe si ma\u00f1ana escribir\u00e1 su material, no por falta de luz o internet, sino por los cotidianos ataques presidenciales contra los periodistas cr\u00edticos, no todos, pues quienes\u00a0 defienden y hasta adulan no hay denuncia ni persecuci\u00f3n fiscal, extendida adem\u00e1s de Loret, a Ciro, Joaqu\u00edn, Aristegui, Ramos y mejor le paro.<\/p>\n<p>Preocupa la ignorancia presidencial supina, pues hay una regla elemental doble en el mismo sentido \u201cla autoridad s\u00f3lo puede hacer lo que la ley le autoriza y el particular todo lo que la ley no le impide\u201d, palabras m\u00e1s palabras menos.<\/p>\n<p>Periodistas de las fuentes camerales, Senado y Diputados, tuvieron toda la raz\u00f3n en sus manifestaciones de este martes, pidiendo entre muchos reclamos la elocuente frase \u201cVIVOS NOS QUEREMOS\u201d. Apunte oportuno al librar el \u201ccorral de la ignominia\u201d donde voluntariamente a fuerzas los ubican para\u00a0 cubrir esas importantes pero en ocasiones humillantes fuentes.<\/p>\n<p>Hacerlo, -con el aval de los l\u00edderes camerales-, es menospreciar la importante labor de quienes con todo profesionalismo y no obstante tantas trabas, cumplen con la importante funci\u00f3n de informar al pa\u00eds del importante y en ocasiones grotesco trabajo de algunos, -no todos-, los representantes populares en el caso de los Diputados, o de las entidades en el de los Senadores.<\/p>\n<p>Ojal\u00e1 y no se volviera a dar jam\u00e1s -algo casi imposible-, pero por alguien de los profesionales de la informaci\u00f3n desgraciadamente justificar\u00e1n el reclamo de \u201cNOS QUEREMOS VIVOS\u201d, quisiera equivocarme<\/p>\n<p><strong>PAP\u00c1S AMLO Y LORET-.<\/strong> Amante de las redes sociales, seguramente el presidente Andr\u00e9s Manuel L\u00f3pez Obrador ya se enter\u00f3 de los dos mensajes que pap\u00e1 Loret le env\u00eda el padre de la Cuarta Transformaci\u00f3n, en\u00e9rgicos, precisos m\u00e1s no groseros. El primer mensaje se titulaba \u201cAndr\u00e9s, ven por mi\u201d y el segundo, se relacionaba con el seguimiento sobre el tema de la \u201ccasa del bienestar\u201d.<\/p>\n<p>Al igual que pap\u00e1 AMLO, pap\u00e1 Loret defiende a su hijo Carlos y reta al mandatario a que demuestre con hechos no s\u00f3lo con dichos, los supuestos il\u00edcitos en los que su v\u00e1stago ha ca\u00eddo por el gran \u201cdelito\u201d de denunciar la adquisici\u00f3n, personal o en familia o en renta, de una casa en los Estados Unidos, concretamente en Texas.<\/p>\n<p>Ciertamente largos los mensajes de pap\u00e1 Loret, pero seguramente a juicio suyo es el tiempo m\u00ednimo que requiri\u00f3 para decir SU VERDAD no s\u00f3lo para defender al hijo Carlos, sino para denunciar irregularidades de la Cuarta Transformaci\u00f3n, mismas que usted podr\u00e1 compartir o no, pero de que hay hechos que se han\u00a0 dado, ni duda cabe.<\/p>\n<p>Contra los diarios y largos tiempos presidenciales en los canales oficiales, las redes de pap\u00e1 Loret son poco.<\/p>\n<p><em><a href=\"mailto:elefa44@gmail.com\" target=\"_blank\" rel=\"noopener noreferrer\">elefa44@gmail.com<\/a><\/em><\/p>\n","protected":false},"excerpt":{"rendered":"<p><span style=\"color: #005497;\"><strong>Eleazar Flores<\/strong><\/span><\/p>\n","protected":false},"author":3,"featured_media":0,"comment_status":"open","ping_status":"open","sticky":false,"template":"","format":"standard","meta":{"_monsterinsights_skip_tracking":false,"_monsterinsights_sitenote_active":false,"_monsterinsights_sitenote_note":"","_monsterinsights_sitenote_category":0,"footnotes":""},"categories":[81743],"tags":[81744,81776,43674],"class_list":["post-536319","post","type-post","status-publish","format-standard","hentry","category-eleazar-flores","tag-eleazar-flores","tag-espacio-electoral","tag-opinion"],"_links":{"self":[{"href":"https:\/\/www.diarioimagen.net\/index.php?rest_route=\/wp\/v2\/posts\/536319","targetHints":{"allow":["GET"]}}],"collection":[{"href":"https:\/\/www.diarioimagen.net\/index.php?rest_route=\/wp\/v2\/posts"}],"about":[{"href":"https:\/\/www.diarioimagen.net\/index.php?rest_route=\/wp\/v2\/types\/post"}],"author":[{"embeddable":true,"href":"https:\/\/www.diarioimagen.net\/index.php?rest_route=\/wp\/v2\/users\/3"}],"replies":[{"embeddable":true,"href":"https:\/\/www.diarioimagen.net\/index.php?rest_route=%2Fwp%2Fv2%2Fcomments&post=536319"}],"version-history":[{"count":0,"href":"https:\/\/www.diarioimagen.net\/index.php?rest_route=\/wp\/v2\/posts\/536319\/revisions"}],"wp:attachment":[{"href":"https:\/\/www.diarioimagen.net\/index.php?rest_route=%2Fwp%2Fv2%2Fmedia&parent=536319"}],"wp:term":[{"taxonomy":"category","embeddable":true,"href":"https:\/\/www.diarioimagen.net\/index.php?rest_route=%2Fwp%2Fv2%2Fcategories&post=536319"},{"taxonomy":"post_tag","embeddable":true,"href":"https:\/\/www.diarioimagen.net\/index.php?rest_route=%2Fwp%2Fv2%2Ftags&post=536319"}],"curies":[{"name":"wp","href":"https:\/\/api.w.org\/{rel}","templated":true}]}}