{"id":536323,"date":"2022-02-17T00:06:32","date_gmt":"2022-02-17T06:06:32","guid":{"rendered":"https:\/\/www.diarioimagen.net\/?p=536323"},"modified":"2022-02-18T01:48:48","modified_gmt":"2022-02-18T07:48:48","slug":"ahora-tenemos-la-casa-gris","status":"publish","type":"post","link":"https:\/\/www.diarioimagen.net\/?p=536323","title":{"rendered":"Ahora tenemos la \u201ccasa gris\u201d"},"content":{"rendered":"<h2>As\u00ed las cosas&#8230;<\/h2>\n<h5>Humberto Mares N.<\/h5>\n<p>&nbsp;<\/p>\n<p>Result\u00f3 peor la medicina que la enfermedad, con respecto al asunto Baker Hughes, empresa petrolera con contratos grandes en Pemex, que ahora al aclarar la famosa renta de la \u201ccasa gris\u201d por parte de Jos\u00e9 Ram\u00f3n L\u00f3pez Beltr\u00e1n, hijo mayor del presidente Andr\u00e9s Manuel L\u00f3pez Obrador se abri\u00f3 un nuevo frente.<\/p>\n<p>Al publicar L\u00f3pez Beltr\u00e1n y su esposa en sus redes un comunicado para negar por completo que exista un conflicto de inter\u00e9s e informaba que desde el a\u00f1o 2020 trabaja como asesor legal en la empresa KEI Partners\u00a0 en Houston, Texas. Durante la noche el domingo en redes sociales circul\u00f3 que la empresa KEI Partners, pertenece a Erika Ch\u00e1vez e Iv\u00e1n Ch\u00e1vez, hijos del empresario Daniel Ch\u00e1vez, propietario del grupo hotelero Vidanta, quien es asesor de AMLO y le ayuda, seg\u00fan informaci\u00f3n dada por AMLO en la ma\u00f1anera, en la supervisi\u00f3n de la construcci\u00f3n del Tren Maya, claro sin sueldo.<\/p>\n<p>Pero la informaci\u00f3n period\u00edstica publicada del empresario Ch\u00e1vez lo colocan como uno de los empresarios m\u00e1s cercano a Palacio Nacional e incluso se le atribuye la famosa rifa del avi\u00f3n presidencial. Es un empresario generoso, compr\u00f3 200 millones de pesos en boletos para la rifa del avi\u00f3n y los distribuy\u00f3 entre sectores necesitados.<\/p>\n<p>Con esta aclaraci\u00f3n se abri\u00f3 un nuevo frente, no s\u00f3lo el p\u00fablico pide aclaraciones sobre la empresa Baker Hughes y la renta de la \u201ccasa gris\u201d, sino que ahora se abre otro con la duda de \u00bfpor qu\u00e9? los hijos de Ch\u00e1vez, empresario consentido, le dieron trabajo al hijo del Presidente, que en no tendr\u00eda nada de malo, pero si la relaci\u00f3n empresa, hijos y contratos, el respetable y las benditas redes sociales, piden aclaraciones y de ah\u00ed la tunda que le dieron en redes sociales.<\/p>\n<p>Sin embargo, esto ya se volvi\u00f3 algo personal entre Carlos Loret de Mola y AMLO, que\u00a0 debido a la investidura de AMLO es por mucho ventajosa, pero lo incre\u00edble a menos que sea a prop\u00f3sito, es que el equipo del Ejecutivo recomienden acciones que incurre\u00a0 en faltas a la ley o bien son inoperantes, como el caso de solicitar informaci\u00f3n personal de un particular al INAI, donde no tiene injerencia.<\/p>\n<p>Desde su oficina el jefe del Ejecutivo con una simple orden podr\u00eda obtener la informaci\u00f3n por el simple hecho de su investidura.<\/p>\n<p>En M\u00e9xico como en muchos pa\u00edses, el Presidente tiene la informaci\u00f3n que quiera en minutos, simplemente con pedirla, lo cual nos lleva a pensar que lo del INAI es s\u00f3lo un montaje para volver a tener los hilos de la conversaci\u00f3n pol\u00edtica bajo control, porque el tema de su hijo y la \u201ccasa gris\u201d lo supero y perdi\u00f3 el control. Las redes sociales lo superaron. Hoy busca retomar el control a cuestas de Carlos Loret que quiere publicar sus datos personales.<\/p>\n<p style=\"text-align: center;\"><strong>Empresas espa\u00f1olas<\/strong><\/p>\n<p>En medio de la pol\u00e9mica sobre la \u201cpausa\u201d decretada por el presidente AMLO entre las relaciones diplom\u00e1ticas entre M\u00e9xico y Espa\u00f1a, los reportes de inversiones espa\u00f1olas en nuestro pa\u00eds, as\u00ed como flujos de recursos a las empresas espa\u00f1olas que operan en nuestro pa\u00eds, han ca\u00eddo dram\u00e1ticamente. Se habla de un 36 % y 57%,respectivamente, con un c\u00e1lculo de aproximadamente 21 mil millones de pesos.<\/p>\n<p>Seg\u00fan especialistas nos afirman que esto se debe a la incertidumbre sobre la reforma el\u00e9ctrica, por lo que empresas globales podr\u00edan salir del pa\u00eds si no se avanza en energ\u00edas afirm\u00f3 el presidente del Consejo Ejecutivo de Empresas Globales (CEEG), Alberto de la Fuente, quien advirti\u00f3 que la reforma el\u00e9ctrica impulsada por el presidente AMLO se queda corta ante los requerimientos del mundo, por lo que de seguir por ese camino, varias industrias podr\u00edan salir del pa\u00eds, debido a la obligaci\u00f3n de mostrar avances tangibles en la lucha contra el cambio clim\u00e1tico.<\/p>\n<p>Los reportes indican que las empresa espa\u00f1olas dejaron de invertir cerca de mil 500 millones de d\u00f3lares, seg\u00fan datos de la Secretar\u00eda de Econom\u00eda de M\u00e9xico. Tal vez por eso el Presidente AMLO estaba molesto con las empresas espa\u00f1olas porque dejaron de traer su dinero a nuestro pa\u00eds y por ello les exigi\u00f3 que pidieran perd\u00f3n.<\/p>\n<p style=\"text-align: center;\"><strong>Parlamento abierto de la reforma el\u00e9ctrica<\/strong><\/p>\n<p>Sin duda, la iniciativa privada debe de participar en los proyectos de energ\u00edas renovables no s\u00f3lo porque nos lo exige el\u00a0 tratado de libre comercio con nuestros vecinos del norte, nos lo vinieron a decir y exigir a nuestra mesa, sino principalmente porque no tenemos el dinero para invertir en ello.<\/p>\n<p>Durante el foro \u201cMedio ambiente, agenda 2030 y cambio clim\u00e1tico\u201d, como parte del Parlamento Abierto sobre la reforma el\u00e9ctrica, Alberto de la Fuente P., director general de Shell M\u00e9xico y presidente del Consejo Ejecutivo de Empresas Globales, plante\u00f3 que la Comisi\u00f3n Federal de Electricidad no cuenta con los recursos para atender la demanda de energ\u00edas renovables y por ello no puede ser la \u00fanica responsable de la transici\u00f3n energ\u00e9tica del pa\u00eds, pues no tiene por s\u00ed sola ni la infraestructura ,ni los\u00a0 recursos para atender la demanda de energ\u00edas renovables y as\u00ed avanzar hacia un futuro de menos emisiones. El se\u00f1or de la fuente tiene toda la raz\u00f3n y al parecer se ha entendido en la 4T.<\/p>\n<p style=\"text-align: center;\"><strong>Morena no define sus candidatos<\/strong><\/p>\n<p>Sin ninguna explicaci\u00f3n, la autoridad electoral en Oaxaca no cumple con la orden de reponer la encuesta para definir a su candidato, luego de las impugnaciones y recursos legales presentados por la senadora Susana Harp y el ex alcalde en \u00c1lvaro Obreg\u00f3n, Alberto Esteva Salinas, que han solicitado la reposici\u00f3n del procedimiento. Mario Delgado no cumple. As\u00ed las cosas, hasta pronto. Use cubrebocas.<\/p>\n<p><a href=\"mailto:hmares21@gmail.com\" target=\"_blank\" rel=\"noopener noreferrer\"><em>mares21@gmail.com<\/em><\/a><\/p>\n","protected":false},"excerpt":{"rendered":"<p><span style=\"color: #005497;\"><strong>Humberto Mares N.<\/strong><\/span><\/p>\n","protected":false},"author":3,"featured_media":0,"comment_status":"open","ping_status":"open","sticky":false,"template":"","format":"standard","meta":{"_monsterinsights_skip_tracking":false,"_monsterinsights_sitenote_active":false,"_monsterinsights_sitenote_note":"","_monsterinsights_sitenote_category":0,"footnotes":""},"categories":[15043],"tags":[92044,92045,43674],"class_list":["post-536323","post","type-post","status-publish","format-standard","hentry","category-humberto-mares-n","tag-asi-las-cosas","tag-humberto-mares-n","tag-opinion"],"_links":{"self":[{"href":"https:\/\/www.diarioimagen.net\/index.php?rest_route=\/wp\/v2\/posts\/536323","targetHints":{"allow":["GET"]}}],"collection":[{"href":"https:\/\/www.diarioimagen.net\/index.php?rest_route=\/wp\/v2\/posts"}],"about":[{"href":"https:\/\/www.diarioimagen.net\/index.php?rest_route=\/wp\/v2\/types\/post"}],"author":[{"embeddable":true,"href":"https:\/\/www.diarioimagen.net\/index.php?rest_route=\/wp\/v2\/users\/3"}],"replies":[{"embeddable":true,"href":"https:\/\/www.diarioimagen.net\/index.php?rest_route=%2Fwp%2Fv2%2Fcomments&post=536323"}],"version-history":[{"count":0,"href":"https:\/\/www.diarioimagen.net\/index.php?rest_route=\/wp\/v2\/posts\/536323\/revisions"}],"wp:attachment":[{"href":"https:\/\/www.diarioimagen.net\/index.php?rest_route=%2Fwp%2Fv2%2Fmedia&parent=536323"}],"wp:term":[{"taxonomy":"category","embeddable":true,"href":"https:\/\/www.diarioimagen.net\/index.php?rest_route=%2Fwp%2Fv2%2Fcategories&post=536323"},{"taxonomy":"post_tag","embeddable":true,"href":"https:\/\/www.diarioimagen.net\/index.php?rest_route=%2Fwp%2Fv2%2Ftags&post=536323"}],"curies":[{"name":"wp","href":"https:\/\/api.w.org\/{rel}","templated":true}]}}