{"id":536451,"date":"2022-02-18T00:01:50","date_gmt":"2022-02-18T06:01:50","guid":{"rendered":"https:\/\/www.diarioimagen.net\/?p=536451"},"modified":"2022-02-18T06:01:17","modified_gmt":"2022-02-18T12:01:17","slug":"hay-recuperacion-del-empleo-pero-aumenta-la-informalidad","status":"publish","type":"post","link":"https:\/\/www.diarioimagen.net\/?p=536451","title":{"rendered":"Hay recuperaci\u00f3n del empleo, pero aumenta la informalidad"},"content":{"rendered":"<p>&nbsp;<\/p>\n<h3 style=\"text-align: center;\">Resultados de la Encuesta Nacional de Ocupaci\u00f3n<\/h3>\n<p>&nbsp;<\/p>\n<ul>\n<li><strong><em>3.1 millones de plazas m\u00e1s que en el cuarto trimestre de 2021: Inegi<\/em><\/strong><\/li>\n<\/ul>\n<p>&nbsp;<\/p>\n<div id=\"attachment_536534\" style=\"width: 470px\" class=\"wp-caption aligncenter\"><a href=\"https:\/\/www.diarioimagen.net\/?attachment_id=536534\" rel=\"attachment wp-att-536534\"><img loading=\"lazy\" decoding=\"async\" aria-describedby=\"caption-attachment-536534\" class=\"size-full wp-image-536534\" src=\"https:\/\/www.diarioimagen.net\/wp-content\/uploads\/2022\/02\/EMPLEO-INEGI.jpg\" alt=\"\" width=\"460\" height=\"270\" \/><\/a><p id=\"caption-attachment-536534\" class=\"wp-caption-text\">Las personas que se emplearon en el trabajo informal durante el periodo analizado concentr\u00f3 a 31.6 millones, lo que representa un aumento anual de 2.2 millones.<\/p><\/div>\n<p>&nbsp;<\/p>\n<p>El Instituto Nacional de Estad\u00edstica y Geograf\u00eda (Inegi) report\u00f3 que durante el cuarto trimestre de 2021, la Poblaci\u00f3n Econ\u00f3micamente Activa (PEA) en M\u00e9xico sum\u00f3 58.8 millones de personas, esto es 3.1 millones m\u00e1s que lo registrado en el cuarto trimestre del a\u00f1o pasado, pero con una mayor tasa de informalidad.<\/p>\n<p>De acuerdo con la Encuesta Nacional de Ocupaci\u00f3n y Empleo (ENOE), las personas que se emplearon en el trabajo informal durante el periodo analizado concentr\u00f3 a 31.6 millones, es decir, un 55.9 por ciento de la poblaci\u00f3n ocupada, lo que representa un aumento anual de 2.2 millones.<\/p>\n<p>Cabe se\u00f1alar que las entidades con las tasas m\u00e1s altas de informalidad laboral fueron Oaxaca con 81.8 por ciento, seguida de Guerrero con 78.8 por ciento y Chiapas con 73.4 por ciento. En cambio, las tasas m\u00e1s bajas durante el cuarto trimestre de 2021 se registraron en Coahuila de Zaragoza con 35.4%; Nuevo Le\u00f3n, 36.7%; Baja California Sur, 36.8% y Chihuahua, con 36.9%.<\/p>\n<p>El Inegi report\u00f3 que en este lapso, la Poblaci\u00f3n Econ\u00f3micamente Activa (PEA) del pa\u00eds fue de 58.8 millones de personas, lo que representa un aumento de 3.1 millones comparado con la cifra registrada en el cuarto trimestre del a\u00f1o pasado. De acuerdo con los resultados de la ENOE, esta alza en las cifras de empleo se concentr\u00f3 en restaurantes y servicios de alojamiento con 758 mil m\u00e1s ocupados, en servicios profesionales, financieros y corporativos con 593 mil y en la industria manufacturera con 586 mil personas m\u00e1s.<\/p>\n<p>Se precisa que las personas ocupadas en microempresas aumentaron 1.8 millones, en las peque\u00f1as empresas 611 mil y en las grandes empresas 436 mil.<\/p>\n<p>Por su parte, la poblaci\u00f3n subocupada se ubic\u00f3 en 6 millones de personas en el cuarto trimestre de 2021 y represent\u00f3 una tasa de 10.6% de la poblaci\u00f3n ocupada, porcentaje inferior al 15.2% del cuarto trimestre de 2020.<\/p>\n<p>En lo que respecta a la poblaci\u00f3n desocupada, el cuarto trimestre de 2021 se registraron 2.2 millones de personas y la Tasa de Desocupaci\u00f3n correspondiente fue de 3.7% de la PEA, tasa menor que la de 4.5% obtenida en igual periodo de un a\u00f1o antes. Sin embargo, en el cuarto trimestre de 2021, la suma de las personas en todas las modalidades de empleo informal alcanz\u00f3 los 31.6 millones, es decir, un 55.8% de la poblaci\u00f3n ocupada, lo que representa un aumento de 2.2 millones respecto al mismo lapso de 2020.<\/p>\n<p>\u201cDesgraciadamente en este momento de recuperaci\u00f3n la econom\u00eda informal se vuelve un espacio de satisfacci\u00f3n y de empleo para cubrir las necesidades de los trabajadores, porque las plazas del trabajo formal que se perdieron a\u00fan mantienen un rezago importante\u201d, indic\u00f3 Miguel Calder\u00f3n Chelius, director del Observatorio de Salarios de la Ibero.<\/p>\n","protected":false},"excerpt":{"rendered":"<p>El Instituto Nacional de Estad\u00edstica y Geograf\u00eda (Inegi) report\u00f3 que durante el cuarto trimestre de 2021, la Poblaci\u00f3n Econ\u00f3micamente Activa (PEA) en M\u00e9xico sum\u00f3 58.8 millones de personas, esto es 3.1 millones m\u00e1s que lo registrado en el cuarto trimestre del a\u00f1o pasado, pero con una mayor tasa de informalidad.<\/p>\n","protected":false},"author":3,"featured_media":536534,"comment_status":"open","ping_status":"open","sticky":false,"template":"","format":"standard","meta":{"_monsterinsights_skip_tracking":false,"_monsterinsights_sitenote_active":false,"_monsterinsights_sitenote_note":"","_monsterinsights_sitenote_category":0,"footnotes":""},"categories":[8],"tags":[481,43678,27303,94638,25738],"class_list":["post-536451","post","type-post","status-publish","format-standard","has-post-thumbnail","hentry","category-finanzas","tag-empleo","tag-finanzas","tag-informalidad","tag-pero","tag-recuperacion"],"_links":{"self":[{"href":"https:\/\/www.diarioimagen.net\/index.php?rest_route=\/wp\/v2\/posts\/536451","targetHints":{"allow":["GET"]}}],"collection":[{"href":"https:\/\/www.diarioimagen.net\/index.php?rest_route=\/wp\/v2\/posts"}],"about":[{"href":"https:\/\/www.diarioimagen.net\/index.php?rest_route=\/wp\/v2\/types\/post"}],"author":[{"embeddable":true,"href":"https:\/\/www.diarioimagen.net\/index.php?rest_route=\/wp\/v2\/users\/3"}],"replies":[{"embeddable":true,"href":"https:\/\/www.diarioimagen.net\/index.php?rest_route=%2Fwp%2Fv2%2Fcomments&post=536451"}],"version-history":[{"count":0,"href":"https:\/\/www.diarioimagen.net\/index.php?rest_route=\/wp\/v2\/posts\/536451\/revisions"}],"wp:featuredmedia":[{"embeddable":true,"href":"https:\/\/www.diarioimagen.net\/index.php?rest_route=\/wp\/v2\/media\/536534"}],"wp:attachment":[{"href":"https:\/\/www.diarioimagen.net\/index.php?rest_route=%2Fwp%2Fv2%2Fmedia&parent=536451"}],"wp:term":[{"taxonomy":"category","embeddable":true,"href":"https:\/\/www.diarioimagen.net\/index.php?rest_route=%2Fwp%2Fv2%2Fcategories&post=536451"},{"taxonomy":"post_tag","embeddable":true,"href":"https:\/\/www.diarioimagen.net\/index.php?rest_route=%2Fwp%2Fv2%2Ftags&post=536451"}],"curies":[{"name":"wp","href":"https:\/\/api.w.org\/{rel}","templated":true}]}}