{"id":536453,"date":"2022-02-18T00:15:30","date_gmt":"2022-02-18T06:15:30","guid":{"rendered":"https:\/\/www.diarioimagen.net\/?p=536453"},"modified":"2022-02-18T01:32:34","modified_gmt":"2022-02-18T07:32:34","slug":"y-el-gobierno-apa","status":"publish","type":"post","link":"https:\/\/www.diarioimagen.net\/?p=536453","title":{"rendered":"\u00bfY el gobierno, ap\u00e1?"},"content":{"rendered":"<h2>Por la Derecha..!<\/h2>\n<h5>Luis \u00c1ngel Garc\u00eda<\/h5>\n<p>&nbsp;<\/p>\n<p>Todos estamos inmersos en el conflicto de la \u201ccasa gris\u201d, el misil de Loret de Mola que dio en la l\u00ednea de flotaci\u00f3n del acorazado de la 4T. El moderno \u201cTitanic\u201d que est\u00e1 a punto de hundirse irremediablemente, luego del choque con un iceberg medi\u00e1tico. Durante tres a\u00f1os, el proyecto pol\u00edtico del Presidente marc\u00f3 la agenda nacional y resisti\u00f3 todos los embates de que fue objeto. Sin embargo y contrario a la estrategia de comunicaci\u00f3n gubernamental, la administraci\u00f3n empieza a hacer agua.<\/p>\n<p>Ante la falta de un verdadero programa de gobierno, el pacto social se fractura y el pa\u00eds se debate en una est\u00e9ril y pueril discusi\u00f3n sobre dos temas que interesan s\u00f3lo al Presidente: Su onerosa e innecesaria consulta para ver si se va o no del poder y sus ataques a los periodistas. El ejercicio democr\u00e1tico se pierde en la absurda y rebuscada pregunta sobre si queremos que contin\u00fae el Presidente en el cargo. Por supuesto que queremos que se quede en funciones, no por realizar un excelente trabajo, sino porque fue elegido para ejercer el cargo durante seis a\u00f1os. Es absurdo que se pregunte a los empleados si el reci\u00e9n electo directivo de una empresa transnacional debe seguir en el puesto o no, por supuesto que debe continuar en el cargo, para que d\u00e9 resultados. Por eso es absurdo que se cuestione a la ciudadan\u00eda si quiere que siga manejando el barco, lo tiene que hacer porque para eso fue electo y no puede salir con la batea de que se va. Hay que recordar que los cargos de elecci\u00f3n popular son irrenunciables.<\/p>\n<p>Es una farsa la Revocaci\u00f3n del Mandato. Pero fue una gran bocanada de aire para el r\u00e9gimen el distraernos con el tema, cuando lo que importa al ciudadano de la calle es la seguridad, la econom\u00eda casera, el tener empleo, mandar a sus hijos a la escuela, gozar de un esquema p\u00fablico de salud, y eso s\u00f3lo lo puede garantizar un gobierno. Gobierno que est\u00e1 m\u00e1s preocupado por convocar al 40 por ciento de los ciudadanos para que voten que garantizar la seguridad de los periodistas, que no son ciudadanos de excepci\u00f3n, pero por su funci\u00f3n social debe estar garantizado su ejercicio profesional.<\/p>\n<p>M\u00e1s all\u00e1 de la convocatoria \u201cpatito\u201d para saber cu\u00e1nto lo quiere la poblaci\u00f3n, el Presidente debe dedicarse a gobernar y no a saber qu\u00e9 grado de aceptaci\u00f3n tiene ante la poblaci\u00f3n. Su funci\u00f3n es la de gobernar, lo que menos ha hecho desde que lleg\u00f3. Gobernar no son arrebatos de prepotencia ni acciones por ocurrencias, es tener una estrategia de acci\u00f3n con pol\u00edticas p\u00fablicas bien definidas de c\u00f3mo lograr el bien com\u00fan \u2014no soy panista\u2014, y avanzar en la consecuci\u00f3n del desarrollo social.<\/p>\n<p>Pero cuando se est\u00e1 distra\u00eddo en conflictos personales, cuando gana m\u00e1s el rencor, la sed de venganza, se pierde las miras de estadista y las ganas de gobernar. La funci\u00f3n p\u00fablica est\u00e1 por encima de cualquier encono, de cualquier revanchismo particular.<\/p>\n<p>El mandatario federal ya no debe ver moros con tranchete ni pretender inmolar a sus enemigos pol\u00edticos. Su funci\u00f3n es gobernar para todos, dar seguridad y protecci\u00f3n a los mexicanos, sacar al pa\u00eds del bache econ\u00f3mico del que no podemos salir desde hace tres a\u00f1os, dar empleo a los millones de mexicanos que claman por el sustento de sus familias, garantizar el derecho a la salud de millones de compatriotas, dar los medicamentos a la gente, aunque no tengamos servicios de sanidad como los daneses, s\u00f3lo queremos atenci\u00f3n y abasto de medicinas. Esas son las funciones de un gobernante y, sobre todo, garantizar la vida de los comunicadores, lo dem\u00e1s son pleitos de vecindad.<\/p>\n","protected":false},"excerpt":{"rendered":"<p><span style=\"color: #005497;\"><strong>Luis \u00c1ngel Garc\u00eda<\/strong><\/span><br \/>\n<br \/>\nTodos estamos inmersos en el conflicto de la \u201ccasa gris\u201d, el misil de Loret de Mola que dio en la l\u00ednea de flotaci\u00f3n del acorazado de la 4T. El moderno \u201cTitanic\u201d que est\u00e1 a punto de hundirse irremediablemente, luego del choque con un iceberg medi\u00e1tico.<\/p>\n","protected":false},"author":3,"featured_media":0,"comment_status":"open","ping_status":"open","sticky":false,"template":"","format":"standard","meta":{"_monsterinsights_skip_tracking":false,"_monsterinsights_sitenote_active":false,"_monsterinsights_sitenote_note":"","_monsterinsights_sitenote_category":0,"footnotes":""},"categories":[92115],"tags":[92117,43674,92116],"class_list":["post-536453","post","type-post","status-publish","format-standard","hentry","category-luis-angel-garcia","tag-luis-angel-garcia","tag-opinion","tag-por-la-derecha"],"_links":{"self":[{"href":"https:\/\/www.diarioimagen.net\/index.php?rest_route=\/wp\/v2\/posts\/536453","targetHints":{"allow":["GET"]}}],"collection":[{"href":"https:\/\/www.diarioimagen.net\/index.php?rest_route=\/wp\/v2\/posts"}],"about":[{"href":"https:\/\/www.diarioimagen.net\/index.php?rest_route=\/wp\/v2\/types\/post"}],"author":[{"embeddable":true,"href":"https:\/\/www.diarioimagen.net\/index.php?rest_route=\/wp\/v2\/users\/3"}],"replies":[{"embeddable":true,"href":"https:\/\/www.diarioimagen.net\/index.php?rest_route=%2Fwp%2Fv2%2Fcomments&post=536453"}],"version-history":[{"count":0,"href":"https:\/\/www.diarioimagen.net\/index.php?rest_route=\/wp\/v2\/posts\/536453\/revisions"}],"wp:attachment":[{"href":"https:\/\/www.diarioimagen.net\/index.php?rest_route=%2Fwp%2Fv2%2Fmedia&parent=536453"}],"wp:term":[{"taxonomy":"category","embeddable":true,"href":"https:\/\/www.diarioimagen.net\/index.php?rest_route=%2Fwp%2Fv2%2Fcategories&post=536453"},{"taxonomy":"post_tag","embeddable":true,"href":"https:\/\/www.diarioimagen.net\/index.php?rest_route=%2Fwp%2Fv2%2Ftags&post=536453"}],"curies":[{"name":"wp","href":"https:\/\/api.w.org\/{rel}","templated":true}]}}