{"id":536456,"date":"2022-02-18T00:10:58","date_gmt":"2022-02-18T06:10:58","guid":{"rendered":"https:\/\/www.diarioimagen.net\/?p=536456"},"modified":"2022-02-18T01:23:01","modified_gmt":"2022-02-18T07:23:01","slug":"el-nino-verde-si-palazuelos-no","status":"publish","type":"post","link":"https:\/\/www.diarioimagen.net\/?p=536456","title":{"rendered":"El \u201cNi\u00f1o Verde\u201d s\u00ed, Palazuelos no"},"content":{"rendered":"<h2>De frente y de perfil<\/h2>\n<h5>Ram\u00f3n Zurita Sahag\u00fan<\/h5>\n<p>&nbsp;<\/p>\n<p>Ni tan ni\u00f1o ya, pr\u00f3ximo a cumplir los 50 a\u00f1os de edad, Jorge Emilio Gonz\u00e1lez Mart\u00ednez, el otrora \u201cNi\u00f1o Verde\u201d que hered\u00f3 de su padre, Jorge Gonz\u00e1lez Torres, un partido que est\u00e1 considerado como un organismo pol\u00edtico veleidoso, oportunista y acomodaticio, se convirti\u00f3 en el poder electoral de Quintana Roo y es visto como el enemigo a vencer.<\/p>\n<p>El pr\u00f3ximo domingo deber\u00e1 ser ratificada como candidata de Morena y de sus aliados (Verde y del Trabajo), Mara Lezama, quien siendo militante del Movimiento Regeneraci\u00f3n Nacional responde a los intereses del llamado \u201cNi\u00f1o Verde\u201d.<\/p>\n<p>En Quintana Roo, todos lo saben y se han formado grupos de todas las ideolog\u00edas y sabores, para tratar de frenar la voracidad de Jorge Emilio.<\/p>\n<p>La presencia de Jorge Emilio no le es grata a los habitantes de ese territorio por la gula y avidez que ha mostrado por el poder. El Verde creci\u00f3 considerablemente en la entidad a la que se fue a vivir el propio \u201cNi\u00f1o Verde\u201d, esperando ser el candidato a gobernador, lo que no ha conseguido, pero a cambio ha podido mangonear a su antojo en la alcald\u00eda de Benito Ju\u00e1rez y otras m\u00e1s. La concentraci\u00f3n de poder de Jorge Emilio contrasta con aquella imagen que aparece en un video negociando un soborno de dos millones de d\u00f3lares para gestionar unos permisos en Canc\u00fan.<\/p>\n<p>El propietario del Partido Verde (la dirigencia nacional la encabeza Karen Castrej\u00f3n, considerada como un t\u00edtere del due\u00f1o) es el principal promotor de la candidata de Morena y est\u00e1 cierto que le dar\u00e1 a su partido el segundo gobernador surgido de sus filas en este sexenio y el tercero en su historia, ya que Manuel Velasco Coello fue el primero.<\/p>\n<p>Mara no tiene adversario fuerte que le compita en igualdad de posibilidades, con todo y que su nominaci\u00f3n despert\u00f3 el coraje de muchos, incluidos el grueso de los ex gobernadores de la entidad, que trataron de formar un bloque opositor, que pronto fue diluido.<\/p>\n<p>La ventaja de Mara es que sus adversarios son demasiado peque\u00f1os, por lo que no faltaron los que intentan fracturar a su partido, proponiendo para la candidatura de otros partidos a algunos de los principales militantes de Morena.<\/p>\n<p>Los dos senadores de mayor\u00eda fueron tentados, primero Marybel Villegas, la que fue buscada por MC, pero qued\u00f3 fuera de la contienda al estar embarazada y pr\u00f3xima al nacimiento de su beb\u00e9 y ahora Jos\u00e9 Luis Pech salta como posible contendiente, despu\u00e9s de fracturar a Morena.<\/p>\n<p>Pech public\u00f3 un video en que considera que no hay condiciones para la unidad en torno de Morena y recalca que no apoyar\u00e1 a la candidata Mara Lezama. Luis Alegre, otro frustrado aspirante a la nominaci\u00f3n de Morena, al parecer tampoco apoyar\u00e1 a Mara.<\/p>\n<p>Dentro de esta din\u00e1mica, este fin de semana ser\u00e1 reemplazado Roberto Palazuelos de la candidatura del Movimiento Ciudadano, ya que las cr\u00edticas hacia su persona funcionaron y ser\u00e1 dejado de lado, para subir a otro prospecto que pudiera ser Pech.<\/p>\n<p>Palazuelos confiaba en que su popularidad, positiva y negativa, en redes sociales, lo convirtiera en un im\u00e1n de votos y resultara triunfador de la contienda del pr\u00f3ximo mes de junio. Ten\u00eda a su favor la ayuda del gobernador de Yucat\u00e1n, Mauricio Vila; as\u00ed como los ex gobernadores de Yucat\u00e1n, Ivonne Ortega; y de Quintana Roo, F\u00e9lix Gonz\u00e1lez Canto.<\/p>\n<p>Palazuelos contaba con que su relaci\u00f3n cercana con Jorge Emilio, con quien coincide en muchos puntos y sabe que pod\u00eda ser una alternativa si se da un gran rompimiento dentro de Morena y es desplazada Mara Lezama como candidata.<\/p>\n<p>La situaci\u00f3n en Quintana Roo se est\u00e1 volviendo muy compleja m\u00e1s que hace seis a\u00f1os, cuando Carlos Joaqu\u00edn Gonz\u00e1lez, el actual gobernador, rompi\u00f3 con el PRI y encabez\u00f3 la alianza de panistas y perredistas y venci\u00f3 con amplitud en las urnas al candidato priista Mauricio G\u00f3ngora, quien termin\u00f3 en la c\u00e1rcel, acusado de un da\u00f1o patrimonial a las finanzas p\u00fablicas por 754 millones de pesos.<\/p>\n<p style=\"text-align: center;\"><strong>******<\/strong><\/p>\n<p>Finalmente, se aprob\u00f3 la extradici\u00f3n hacia M\u00e9xico de Karime Mac\u00edas, quien se encuentra actualmente en Londres. Ella es acusada de da\u00f1o patrimonial por 112 millones de pesos, durante la administraci\u00f3n de su ahora ex esposo Javier Duarte y anunci\u00f3 que apelar\u00e1 la resoluci\u00f3n de la Corte de Magistrados en Inglaterra.<\/p>\n<p><a href=\"mailto:ramonzurita44@hotmail.com\" target=\"_blank\" rel=\"noopener noreferrer\"><em>ramonzurita44@hotmail.com<\/em><\/a><\/p>\n","protected":false},"excerpt":{"rendered":"<p><span style=\"color: #005497;\"><strong>Ram\u00f3n Zurita Sahag\u00fan<\/strong><\/span><br \/>\n<br \/>\nNi tan ni\u00f1o ya, pr\u00f3ximo a cumplir los 50 a\u00f1os de edad, Jorge Emilio Gonz\u00e1lez Mart\u00ednez, el otrora \u201cNi\u00f1o Verde\u201d que hered\u00f3 de su padre, Jorge Gonz\u00e1lez Torres, un partido que est\u00e1 considerado como un organismo pol\u00edtico veleidoso, oportunista y acomodaticio, se convirti\u00f3 en el poder electoral de Quintana Roo y es visto como el enemigo a vencer. <\/p>\n","protected":false},"author":3,"featured_media":0,"comment_status":"open","ping_status":"open","sticky":false,"template":"","format":"standard","meta":{"_monsterinsights_skip_tracking":false,"_monsterinsights_sitenote_active":false,"_monsterinsights_sitenote_note":"","_monsterinsights_sitenote_category":0,"footnotes":""},"categories":[234],"tags":[304,43674,43687],"class_list":["post-536456","post","type-post","status-publish","format-standard","hentry","category-ramon-zurita-sahagun","tag-de-frente-y-de-perfil","tag-opinion","tag-ramon-zurita-sahagun"],"_links":{"self":[{"href":"https:\/\/www.diarioimagen.net\/index.php?rest_route=\/wp\/v2\/posts\/536456","targetHints":{"allow":["GET"]}}],"collection":[{"href":"https:\/\/www.diarioimagen.net\/index.php?rest_route=\/wp\/v2\/posts"}],"about":[{"href":"https:\/\/www.diarioimagen.net\/index.php?rest_route=\/wp\/v2\/types\/post"}],"author":[{"embeddable":true,"href":"https:\/\/www.diarioimagen.net\/index.php?rest_route=\/wp\/v2\/users\/3"}],"replies":[{"embeddable":true,"href":"https:\/\/www.diarioimagen.net\/index.php?rest_route=%2Fwp%2Fv2%2Fcomments&post=536456"}],"version-history":[{"count":0,"href":"https:\/\/www.diarioimagen.net\/index.php?rest_route=\/wp\/v2\/posts\/536456\/revisions"}],"wp:attachment":[{"href":"https:\/\/www.diarioimagen.net\/index.php?rest_route=%2Fwp%2Fv2%2Fmedia&parent=536456"}],"wp:term":[{"taxonomy":"category","embeddable":true,"href":"https:\/\/www.diarioimagen.net\/index.php?rest_route=%2Fwp%2Fv2%2Fcategories&post=536456"},{"taxonomy":"post_tag","embeddable":true,"href":"https:\/\/www.diarioimagen.net\/index.php?rest_route=%2Fwp%2Fv2%2Ftags&post=536456"}],"curies":[{"name":"wp","href":"https:\/\/api.w.org\/{rel}","templated":true}]}}