{"id":536460,"date":"2022-02-18T00:02:40","date_gmt":"2022-02-18T06:02:40","guid":{"rendered":"https:\/\/www.diarioimagen.net\/?p=536460"},"modified":"2022-02-18T01:35:36","modified_gmt":"2022-02-18T07:35:36","slug":"lopez-obrador-estuvo-en-tijuana-para-defender-a-jaime-bonilla-valdez","status":"publish","type":"post","link":"https:\/\/www.diarioimagen.net\/?p=536460","title":{"rendered":"L\u00f3pez Obrador estuvo en Tijuana para defender a Jaime Bonilla Valdez"},"content":{"rendered":"<h2>La Retaguardia<\/h2>\n<h5>Adriana Moreno Cordero<\/h5>\n<p>&nbsp;<\/p>\n<ul>\n<li><strong><em>\u00bfPor qu\u00e9 el Presidente AMLO no fue a Caborca, Sonora?<\/em><\/strong><\/li>\n<\/ul>\n<p>&nbsp;<\/p>\n<p>Una intensa y polarizada semana la que cierra, que nos mostr\u00f3 a un parad\u00f3jico <strong>Andr\u00e9s Manuel L\u00f3pez Obrador<\/strong>, quien por un lado y ante el clima de violencia en contra de reporteros y representantes de los medios ofrece que ver\u00e1 por su seguridad y proteger\u00e1 sus vidas, \u201cnadie ha sido ni ser\u00e1 censurado\u201d, dijo en una m\u00e1s de sus faltas a la verdad, mientras que por el otro, sigue atizando el fuego en contra de periodistas que no est\u00e1n de acuerdo con \u00e9l o lo cuestionan y esto se puede traducir en que el tema <strong>Jos\u00e9 Ram\u00f3n L\u00f3pez Beltr\u00e1n<\/strong> todav\u00eda cala y hondo y por m\u00e1s temas de los que ha echado mano el inquilino de Palacio Nacional para cubrir los excesos de su hijo, no ha logrado apagar el fuego, al contrario, ha propiciado otros y a lo mejor ya est\u00e1 enterado de lo que corre por las \u201cex benditas redes\u201d: que se viene otro posible esc\u00e1ndalo sobre las actividades, digamos, dudosas, de otro de sus hijos. \u00bfSer\u00e1?<\/p>\n<p>Por otra parte, en el gustad\u00edsimo \u201cstand-up\u201d ma\u00f1anero que se efectu\u00f3 ayer en Tijuana, el presidente solamente hizo acto de presencia para defender -como se anot\u00f3 en este espacio en anterior entrega- a su muy querido amigo, el ex gobernador de Baja California<strong>, Jaime Bonilla Valdez<\/strong> y lo que pueda tener qu\u00e9 ver o no, sobre el asesinato de la <strong>periodista Lourdes Maldonado<\/strong>.<\/p>\n<p>Medio aburrido, desde la ciudad fronteriza, el de Tepetit\u00e1n escuch\u00f3 el sentido pase de lista que hicieron los reporteros que cubrieron su ma\u00f1anera en memoria y homenaje a los periodistas que han sido asesinados en este todav\u00eda naciente 2022, luego sali\u00f3 del lugar para encontrarse a otro grupo de periodistas que lo esperaban a las afueras para demandar justicia en este tema. Le cerraron el paso a su camioneta y alguien que dijo ser de la CNTE, se colg\u00f3 del veh\u00edculo; en repetidas ocasiones golpearon a la ventanilla, sin respuesta alguna, s\u00f3lo la cerraz\u00f3n priv\u00f3.<\/p>\n<p>Y ya que andaba por el norte del pa\u00eds, visitando adem\u00e1s de Baja California, Tamaulipas, Chihuahua y Coahuila, muchos se preguntaron por qu\u00e9 al tabasque\u00f1o no se le ocurri\u00f3 darse una vueltecita por Sonora, espec\u00edficamente por Caborca, donde hace dos d\u00edas se registr\u00f3 una balacera que dur\u00f3 6 horas, donde hubo muertos y secuestrados, dos de ellos, encontrados afortunadamente con vida.<\/p>\n<p>\u00bfPor qu\u00e9 L\u00f3pez obrador no fue a Caborca?, si ah\u00ed est\u00e1 otro de los gobernadores a los que \u00e9l impuls\u00f3 para llegar a esa posici\u00f3n y se trata ni m\u00e1s ni menos que de <strong>Alfonso Durazo Monta\u00f1o<\/strong>, ex secretario de Seguridad Ciudadana a nivel federal y muy recordado porque a \u00e9l se le debe la fallida, m\u00e1s que fallida estrategia del famoso \u201cculiacanazo\u201d, el 17 de octubre de 2019, cuando fue liberado <strong>Ovidio Guzm\u00e1n<\/strong>, ante el evidente fracaso por parte del gobierno federal.<\/p>\n<p>Si as\u00ed oper\u00f3 ese d\u00eda el se\u00f1or Durazo, qu\u00e9 se pueden esperar los sonorenses sobre que en su estado haya seguridad. Por cierto, el presidente municipal de Caborca, de extracci\u00f3n morenista, <strong>Abraham David Mier Nogales<\/strong>, explic\u00f3 en diversas entrevistas que en todo momento recibi\u00f3 el apoyo del gobernador\u2026 con llamadas telef\u00f3nicas y el env\u00edo tard\u00edo de elementos de la Guardia Nacional y Polic\u00eda Estatal.<\/p>\n<p>Ahora bien, toda esta convulsionada situaci\u00f3n que vive M\u00e9xico, la ven desde el poderoso pa\u00eds del norte, y\u00a0 no es que Estados Unidos sea el palad\u00edn de la democracia; hist\u00f3ricamente ha demostrado lo contrario, sin embargo, es l\u00f3gico que les preocupa mucho lo que pasa en su frontera sur y as\u00ed como cuando L\u00f3pez Obrador envi\u00f3 un mensaje a los congresistas norteamericanos, en noviembre del a\u00f1o pasado, amenaz\u00e1ndolos con exhibirlos en el caso de que no apoyaran la iniciativa del presidente de Estados Unidos, <strong>Joe Biden<\/strong>, para regularizar a 11 millones de mexicanos que radican en esa naci\u00f3n, pues ahora, tan s\u00f3lo unos meses despu\u00e9s, la relaci\u00f3n entre el inquilino de Palacio Nacional y el presidente Biden, tiende a descomponerse.<\/p>\n<p>Ah\u00ed est\u00e1n las declaraciones del senador norteamericano\u00a0<strong>Ted Cruz<\/strong>, quien en el Congreso estadounidense, mencion\u00f3 los casos de los asesinatos a periodistas en nuestro pa\u00eds y tambi\u00e9n la confrontaci\u00f3n contra el comunicador <strong>Carlos Loret de Mola<\/strong>.<\/p>\n<p>Espec\u00edficamente, el senador Cruz indic\u00f3: \u201cEn 2020 m\u00e1s periodistas fueron asesinados en M\u00e9xico que en cualquier otro pa\u00eds\u201d y avizor\u00f3 un \u201ccolapso de las instituciones (mexicanas)\u201d lo cual, a los ojos del legislador norteamericano, representa una \u201camenaza a la seguridad nacional de Estados Unidos\u201d.<\/p>\n<p>Cuando L\u00f3pez Obrador se burl\u00f3 de que congresistas de Estados Unidos le demandan a Biden que \u201clo rega\u00f1e\u201d, muy probablemente no vio m\u00e1s all\u00e1 de la puerta principal de Palacio Nacional; la presi\u00f3n que ejercen los legisladores norteamericanos, pueden da\u00f1ar la imagen del Ppresidente mexicano. Cruz asegur\u00f3 que su intenci\u00f3n es presionar a la administraci\u00f3n del inquilino de la Casa Blanca,\u00a0sobre la necesidad de \u201chacer m\u00e1s para detener y revertir esta tendencia mortal\u201d, o sea, lo que se vive en M\u00e9xico, que calific\u00f3 como \u201cel colapso acelerado de las instituciones mexicanas y el Estado de Derecho\u201d y desafortunadamente, el senador Cruz no est\u00e1 tan alejado de la realidad porque as\u00ed pinta esta errada y llamada Cuarta Transformaci\u00f3n.<\/p>\n<p style=\"text-align: center;\"><strong>Municiones<\/strong><\/p>\n<p>*** M\u00e1s tensi\u00f3n en el Palacio Legislativo de San L\u00e1zaro, a donde lleg\u00f3 la maqueta de la \u201ccasa gris\u201d de la familia <strong>L\u00f3pez-Adams<\/strong>. Indignados y sumamente molestos, los integrantes de la bancada de Morena que coordina Ignacio Mier, se retiraron del sal\u00f3n de sesiones. La causa de la ira del partido oficial, es que la diputada panista, <strong>Mar\u00eda Elena P\u00e9rez Ja\u00e9n<\/strong>, propuso un punto de acuerdo para que desde los gustad\u00edsimos \u201cstand-up\u201d ma\u00f1aneros, se deje de atacar a los periodistas, \u201cque no se utilicen a las instituciones del Estado para atacarlos\u2026\u00a0 \u201cDebemos detener al sicario de la libertad de expresi\u00f3n que dispara a mansalva a todo aquel que no est\u00e1 de acuerdo con \u00e9l\u201d. De inmediato la consigna fue: \u201c\u00a1Libertad, libertad, corrupto!\u201d. Las r\u00e9moras del partido oficial ya hab\u00edan abandonado el sal\u00f3n de sesiones de la C\u00e1mara baja y dicha fracci\u00f3n parlamentaria convoc\u00f3 a conferencia de prensa en la que el diputado Mier Velazco dijo que no va a permitir que con cualquier pretexto salga a la luz la \u201ccasa gris\u201d que no ha podido justificar Jos\u00e9 Ram\u00f3n L\u00f3pez Beltr\u00e1n. Ignacio Mier, todav\u00eda con rastros de indignaci\u00f3n en el rostro declar\u00f3 que \u201cpara que haya pleito se requieren dos y como somos un movimiento pac\u00edfico (\u00a1aj\u00e1, s\u00ed, c\u00f3mo no!), no estamos a favor de que se desborden las pasiones\u201d. Lo que m\u00e1s le doli\u00f3 a morenistas y r\u00e9moras que los acompa\u00f1an, fue que, seg\u00fan el diputado poblano, la naturaleza del punto de acuerdo, que present\u00f3 P\u00e9rez Ja\u00e9n, no iba de acuerdo \u201ccon la escenograf\u00eda, con el montaje teatral\u201d.<\/p>\n<p><u><a href=\"mailto:morcora@gmail.com\" target=\"_blank\" rel=\"noopener noreferrer\"><em>morcora@gmail.com<\/em><\/a><\/u><\/p>\n","protected":false},"excerpt":{"rendered":"<p><span style=\"color: #005497;\"><strong>Adriana Moreno Cordero<\/strong><\/span><\/p>\n","protected":false},"author":3,"featured_media":0,"comment_status":"open","ping_status":"open","sticky":false,"template":"","format":"standard","meta":{"_monsterinsights_skip_tracking":false,"_monsterinsights_sitenote_active":false,"_monsterinsights_sitenote_note":"","_monsterinsights_sitenote_category":0,"footnotes":""},"categories":[69370],"tags":[69369,69368,43674],"class_list":["post-536460","post","type-post","status-publish","format-standard","hentry","category-adriana-moreno-cordero","tag-adriana-moreno-cordero","tag-la-retaguardia","tag-opinion"],"_links":{"self":[{"href":"https:\/\/www.diarioimagen.net\/index.php?rest_route=\/wp\/v2\/posts\/536460","targetHints":{"allow":["GET"]}}],"collection":[{"href":"https:\/\/www.diarioimagen.net\/index.php?rest_route=\/wp\/v2\/posts"}],"about":[{"href":"https:\/\/www.diarioimagen.net\/index.php?rest_route=\/wp\/v2\/types\/post"}],"author":[{"embeddable":true,"href":"https:\/\/www.diarioimagen.net\/index.php?rest_route=\/wp\/v2\/users\/3"}],"replies":[{"embeddable":true,"href":"https:\/\/www.diarioimagen.net\/index.php?rest_route=%2Fwp%2Fv2%2Fcomments&post=536460"}],"version-history":[{"count":0,"href":"https:\/\/www.diarioimagen.net\/index.php?rest_route=\/wp\/v2\/posts\/536460\/revisions"}],"wp:attachment":[{"href":"https:\/\/www.diarioimagen.net\/index.php?rest_route=%2Fwp%2Fv2%2Fmedia&parent=536460"}],"wp:term":[{"taxonomy":"category","embeddable":true,"href":"https:\/\/www.diarioimagen.net\/index.php?rest_route=%2Fwp%2Fv2%2Fcategories&post=536460"},{"taxonomy":"post_tag","embeddable":true,"href":"https:\/\/www.diarioimagen.net\/index.php?rest_route=%2Fwp%2Fv2%2Ftags&post=536460"}],"curies":[{"name":"wp","href":"https:\/\/api.w.org\/{rel}","templated":true}]}}