{"id":536467,"date":"2022-02-18T00:04:40","date_gmt":"2022-02-18T06:04:40","guid":{"rendered":"https:\/\/www.diarioimagen.net\/?p=536467"},"modified":"2022-02-18T01:38:09","modified_gmt":"2022-02-18T07:38:09","slug":"ventas-por-100-mdd-en-medicamentos","status":"publish","type":"post","link":"https:\/\/www.diarioimagen.net\/?p=536467","title":{"rendered":"Ventas por 100 mdd en medicamentos"},"content":{"rendered":"<h2>Desde el portal<\/h2>\n<h5>\u00c1ngel Soriano<\/h5>\n<p>&nbsp;<\/p>\n<p>Cuando digo que Carlos Loret de Mola recibi\u00f3 35 millones de pesos al a\u00f1o es porque tengo las pruebas, afirm\u00f3 el presidente Andr\u00e9s Manuel L\u00f3pez Obrador \u201cy tengo m\u00e1s\u201d s\u00f3lo que el INAI me permita hacerlo y lo har\u00e9, al indicar que Latinus, Roberto Madrazo y el afamado comentarista televisivo est\u00e1n involucrados en la venta por 100 mmdp de medicamentos al gobierno.<\/p>\n<p>De ah\u00ed, se\u00f1ala el tabasque\u00f1o, viene la embestida de los grupos que se beneficiaban con dinero del erario, las diez empresas que monopolizaban la venta de f\u00e1rmacos y que el gobierno al hacerlas a un lado para realizar ventas consolidadas, se inconformaron e iniciaron una campa\u00f1a en contra del gobierno de la IV-Transformaci\u00f3n.<\/p>\n<p>Sin duda, que del enfrentamiento entre el poder p\u00fablico y las poderosas empresas que utilizan a comunicadores y medios de comunicaci\u00f3n, a alto costo, para atacar a la administraci\u00f3n p\u00fablica, saldr\u00e1n y salen cada vez m\u00e1s las irregularidades en la prestaci\u00f3n de servicios a la sociedad y demostrar que, la disputa por el poder pol\u00edtico encubre vastos intereses econ\u00f3micos.<\/p>\n<p>De uno y otro bando, al final de cuentas ser\u00e1 la ciudadan\u00eda la que, a trav\u00e9s de su voto, decida qui\u00e9n ofrece -y cumpla-, la mejor alternativa y el mejor sistema de gobierno: libre de corrupci\u00f3n y de intereses econ\u00f3micos en todos los niveles. Del encontronazo, el presidente L\u00f3pez Obrador afirma que no ceder\u00e1 y cumplir\u00e1 su prop\u00f3sito de limpiar el aparato administrativo del Estado mexicano.<\/p>\n<p style=\"text-align: center;\"><strong>Turbulencias<br \/>\nProtestas de periodistas<\/strong><\/p>\n<p>En las C\u00e1mara de Diputados y de Senadores y en Palacio Nacional reporteros acreditados realizaron acciones de protesta, tanto por las agresiones al gremio como por la ejecuci\u00f3n de comunicadores y, aunque habr\u00eda que aclarar que los reporteros s\u00f3lo cumplen una funci\u00f3n al margen de los negocios de los due\u00f1os y concesionarios y que no todos perciben millonarias tajadas, son v\u00e1lidas las protestas por el alza en la violencia en diversas regiones del pa\u00eds y que demuestra que la realidad supera las cifras alegres del Gabinete de Seguridad que presume de la reducci\u00f3n de la violencia, cuando familias enteras son v\u00edctimas de la delincuencia organizada y la tropa y la Guardia Nacional son expulsadas de peque\u00f1as comunidades guerrerenses. El gobierno federal est\u00e1 obligado a emprender acciones contundentes para devolver la paz y la tranquilidad al pa\u00eds\u2026 En la sierra sur de Oaxaca estuvo la secretaria de Seguridad para poner en marcha el Tianguis del Bienestar en San Jorge Nuchita, en la Sierra sur, acompa\u00f1ada del gobernador y de funcionarios federales para poner al alcance de la regi\u00f3n objetos y productos b\u00e1sicos en apoyo a las comunidades marginadas\u2026 Y la presidenta de la Jucopo del Congreso local, Laura Estrada, propuso un exhorto al gobernador para que se abstenga de intervenir en asuntos electorales en favor o en contra de los partidos pol\u00edticos y se garantice la paz y la tranquilidad en la entidad, mientras que el TEPJF resolvi\u00f3 en favor de la senadora Susana Harp la queja interpuesta en contra de Morena que, pasando por alto la equidad de g\u00e9nero, le otorg\u00f3 la candidatura al gobierno del estado al senador Salom\u00f3n Jara, quien adem\u00e1s de no contar con la simpat\u00eda de la poblaci\u00f3n, viola la Ley al tratar de imponerse como candidato. Y no s\u00f3lo como candidato, sino que se sent\u00eda ya gobernador. La resoluci\u00f3n final estar\u00e1 a cargo de las autoridades locales electorales.<\/p>\n<p><u><a href=\"mailto:asorianocarrasco@yahoo.com\" target=\"_blank\" rel=\"noopener noreferrer\"><em>asorianocarrasco@yahoo.com<\/em><\/a><br \/>\n<em><a href=\"https:\/\/revistabrecha.com\" target=\"_blank\" rel=\"noopener noreferrer\">www.revistabrecha.com<\/a><br \/>\n<a href=\"https:\/\/twitter.com\/brecharevista\" target=\"_blank\" rel=\"noopener noreferrer\">@BrechaRevista<\/a><\/em><\/u><\/p>\n","protected":false},"excerpt":{"rendered":"<p><span style=\"color: #005497;\"><strong>\u00c1ngel Soriano<\/strong><\/span><\/p>\n","protected":false},"author":3,"featured_media":0,"comment_status":"open","ping_status":"open","sticky":false,"template":"","format":"standard","meta":{"_monsterinsights_skip_tracking":false,"_monsterinsights_sitenote_active":false,"_monsterinsights_sitenote_note":"","_monsterinsights_sitenote_category":0,"footnotes":""},"categories":[135],"tags":[85,86,43674],"class_list":["post-536467","post","type-post","status-publish","format-standard","hentry","category-angel-soriano-opinion","tag-angel-soriano","tag-desde-el-portal","tag-opinion"],"_links":{"self":[{"href":"https:\/\/www.diarioimagen.net\/index.php?rest_route=\/wp\/v2\/posts\/536467","targetHints":{"allow":["GET"]}}],"collection":[{"href":"https:\/\/www.diarioimagen.net\/index.php?rest_route=\/wp\/v2\/posts"}],"about":[{"href":"https:\/\/www.diarioimagen.net\/index.php?rest_route=\/wp\/v2\/types\/post"}],"author":[{"embeddable":true,"href":"https:\/\/www.diarioimagen.net\/index.php?rest_route=\/wp\/v2\/users\/3"}],"replies":[{"embeddable":true,"href":"https:\/\/www.diarioimagen.net\/index.php?rest_route=%2Fwp%2Fv2%2Fcomments&post=536467"}],"version-history":[{"count":0,"href":"https:\/\/www.diarioimagen.net\/index.php?rest_route=\/wp\/v2\/posts\/536467\/revisions"}],"wp:attachment":[{"href":"https:\/\/www.diarioimagen.net\/index.php?rest_route=%2Fwp%2Fv2%2Fmedia&parent=536467"}],"wp:term":[{"taxonomy":"category","embeddable":true,"href":"https:\/\/www.diarioimagen.net\/index.php?rest_route=%2Fwp%2Fv2%2Fcategories&post=536467"},{"taxonomy":"post_tag","embeddable":true,"href":"https:\/\/www.diarioimagen.net\/index.php?rest_route=%2Fwp%2Fv2%2Ftags&post=536467"}],"curies":[{"name":"wp","href":"https:\/\/api.w.org\/{rel}","templated":true}]}}