{"id":536474,"date":"2022-02-18T00:03:41","date_gmt":"2022-02-18T06:03:41","guid":{"rendered":"https:\/\/www.diarioimagen.net\/?p=536474"},"modified":"2022-02-18T01:47:27","modified_gmt":"2022-02-18T07:47:27","slug":"primer-semestre-nociones-de-derecho","status":"publish","type":"post","link":"https:\/\/www.diarioimagen.net\/?p=536474","title":{"rendered":"Primer semestre, \u201cNociones de Derecho\u201d"},"content":{"rendered":"<h2>Espacio Electoral<\/h2>\n<h5>Eleazar Flores<\/h5>\n<p>&nbsp;<\/p>\n<p><strong>PURAS VERG\u00dcENZAS-.<\/strong> En los planes de estudios de antes -que supongo no han cambiado tanto-, una de las materias de bachillerato b\u00e1sico para luego estudiar cualquier carrera, se incluye\u00a0 \u201cNociones de Derecho\u201d o algo parecido. Futuros m\u00e9dicos, ingenieros etc. estudian la materia.<\/p>\n<p>La materia incluye conocimientos b\u00e1sicos para el ciudadano poder defenderse ante la autoridad y lo que \u00e9sta puede o no hacer en el cumplimiento de su deber. Lo b\u00e1sico hasta para un juez menor.<\/p>\n<p>Todo viene a colaci\u00f3n por tanta ignorancia que exhibe no s\u00f3lo a diario, sino muchas veces al d\u00eda el padre de la Cuarta Transformaci\u00f3n, acompa\u00f1ado con sonrisas francas\u00a0 y moviendo brazos y manos para enfatizar sus (des)conocimientos) jur\u00eddicos en acciones elementales de gobierno, ignor\u00e1ndose si a los reporteros ma\u00f1aneros\u00a0 permiten preguntar si esos yerros son voluntarios o no.<\/p>\n<p>\u00bfAprobar\u00eda su materia de Nociones de Derecho el susodicho?, pregunta el filoso <em>Don Teofilito<\/em>.<\/p>\n<p>Evidencias de los yerros jur\u00eddicos presidenciales no se limitan a inmiscuirse en asuntos socioecon\u00f3micos-laborales de Loret de Mola, ahora desde Baja California anuncia que podr\u00eda pedir auxilio al gobierno de Joe Biden para dejar de financiar a organizaciones civiles cr\u00edticas a su gobierno, a las que ve como injerencistas, h\u00e1game favor.<\/p>\n<p>Pero los misiles presidenciales no s\u00f3lo se han enfocado contra Carlos Loret de Mola que en este momento ciertamente es la pluma m\u00e1s famosa del gremio, pues tambi\u00e9n alcanzan a V\u00edctor Trujillo,\u00a0 \u201cBrozo\u201d y a Carmen Aristegui -a la que muchos, colegas incluso- la enlistaban entre quienes ejerc\u00edan un periodismo casi militante, pero el tiempo los ha desenga\u00f1ado.<\/p>\n<p>Lo m\u00e1s oscuro del panorama presidencial es que o\u00a0 los colaboradores son aut\u00e9nticos floreros, desconocen tambi\u00e9n lo m\u00e1s elemental del Derecho o de plano les falta valor civil para se\u00f1alar a su jefe los errores que por ignorancia comete. \u00bfCu\u00e1l de las tres opci\u00f3nes escoge?, la que decida es la buena.<\/p>\n<p><strong>FALLAS AL ALZA-.<\/strong> Tarea para los aguantadores y madrugadores reporteros -seguramente de parte de sus jefes de informaci\u00f3n-, seguramente ser\u00e1 interrogar al due\u00f1o de p\u00falpito y micr\u00f3fono ma\u00f1aneros, qu\u00e9 opini\u00f3n externa acerca de los tres mil ni\u00f1os fallecidos por falta de medicamentos y tratamientos contra el c\u00e1ncer, como dicen ahora, \u201clo que nunca\u201d se dio antes.<\/p>\n<p>Esto no es opini\u00f3n personal sino de los sufridos padres y madres de familia, aquellos que seg\u00fan un funcionarios federal del sector salud los tild\u00f3 de \u201cmiembros de un complot internacional\u201d, \u00bfsu nombre?, mejor me lo ahorro.<\/p>\n<p>Y en cuanto a las vidas perdidas por los altos \u00edndices de inseguridad y violencia, esas v\u00edctimas que AMLO acreditaba al presidente en turno, lastimosamente las cifras suben, principalmente en entidades gobernadas por Morena.<\/p>\n<p><em><a href=\"mailto:elefa44@gmail.com\" target=\"_blank\" rel=\"noopener noreferrer\">elefa44@gmail.com<\/a><\/em><\/p>\n","protected":false},"excerpt":{"rendered":"<p><span style=\"color: #005497;\"><strong>Eleazar Flores<\/strong><\/span><\/p>\n","protected":false},"author":3,"featured_media":0,"comment_status":"open","ping_status":"open","sticky":false,"template":"","format":"standard","meta":{"_monsterinsights_skip_tracking":false,"_monsterinsights_sitenote_active":false,"_monsterinsights_sitenote_note":"","_monsterinsights_sitenote_category":0,"footnotes":""},"categories":[81743],"tags":[81744,81776,43674],"class_list":["post-536474","post","type-post","status-publish","format-standard","hentry","category-eleazar-flores","tag-eleazar-flores","tag-espacio-electoral","tag-opinion"],"_links":{"self":[{"href":"https:\/\/www.diarioimagen.net\/index.php?rest_route=\/wp\/v2\/posts\/536474","targetHints":{"allow":["GET"]}}],"collection":[{"href":"https:\/\/www.diarioimagen.net\/index.php?rest_route=\/wp\/v2\/posts"}],"about":[{"href":"https:\/\/www.diarioimagen.net\/index.php?rest_route=\/wp\/v2\/types\/post"}],"author":[{"embeddable":true,"href":"https:\/\/www.diarioimagen.net\/index.php?rest_route=\/wp\/v2\/users\/3"}],"replies":[{"embeddable":true,"href":"https:\/\/www.diarioimagen.net\/index.php?rest_route=%2Fwp%2Fv2%2Fcomments&post=536474"}],"version-history":[{"count":0,"href":"https:\/\/www.diarioimagen.net\/index.php?rest_route=\/wp\/v2\/posts\/536474\/revisions"}],"wp:attachment":[{"href":"https:\/\/www.diarioimagen.net\/index.php?rest_route=%2Fwp%2Fv2%2Fmedia&parent=536474"}],"wp:term":[{"taxonomy":"category","embeddable":true,"href":"https:\/\/www.diarioimagen.net\/index.php?rest_route=%2Fwp%2Fv2%2Fcategories&post=536474"},{"taxonomy":"post_tag","embeddable":true,"href":"https:\/\/www.diarioimagen.net\/index.php?rest_route=%2Fwp%2Fv2%2Ftags&post=536474"}],"curies":[{"name":"wp","href":"https:\/\/api.w.org\/{rel}","templated":true}]}}