{"id":536479,"date":"2022-02-18T00:12:09","date_gmt":"2022-02-18T06:12:09","guid":{"rendered":"https:\/\/www.diarioimagen.net\/?p=536479"},"modified":"2022-02-18T01:51:36","modified_gmt":"2022-02-18T07:51:36","slug":"esta-amlo-ante-su-waterloo","status":"publish","type":"post","link":"https:\/\/www.diarioimagen.net\/?p=536479","title":{"rendered":"\u00bfEst\u00e1 AMLO ante su \u201c<em>Waterloo\u201d<\/em>?"},"content":{"rendered":"<h2>Tras la puerta del poder<\/h2>\n<h5>Roberto Vizca\u00edno<\/h5>\n<p>&nbsp;<\/p>\n<p>No, por m\u00e1s que abre nuevos frentes o extrapola y eleva su embate contra\u00a0<strong>Carlos Loret<\/strong>\u00a0y otros periodistas, el presidente <strong>Andr\u00e9s Manuel L\u00f3pez Obrador<\/strong>\u00a0no logra bajar o desviar la atenci\u00f3n del esc\u00e1ndalo de conflictos de inter\u00e9s y de beneficios y financiamientos posiblemente corruptos de su hijo\u00a0<strong>Jos\u00e9 Ram\u00f3n<\/strong>.<\/p>\n<p>Y en su af\u00e1n por degradar todos los d\u00edas a quien estall\u00f3 el esc\u00e1ndalo de la \u00abcasa gris\u00bb en Houston, e incluir en sus embates al periodismo en general,\u00a0<strong>L\u00f3pez Obrador<\/strong>\u00a0ha mostrado no s\u00f3lo una ausencia absoluta de empat\u00eda con un medio que ha visto caer 5 periodistas asesinados tan s\u00f3lo en mes y medio de este a\u00f1o y a mitad de su gobierno.<\/p>\n<p>No pocos, dentro y fuera de los medios informativos, advierten que estos embates de\u00a0<strong>AMLO<\/strong>\u00a0generan un creciente ambiente de violencia e impunidad en contra de los periodistas todos y contra la libertad de expresi\u00f3n.<\/p>\n<p>De ah\u00ed, que esta semana se hayan generado protestas de periodistas no s\u00f3lo en el Senado y la C\u00e1mara de Diputados contra legisladores del oficialismo, que sin ninguna sensibilidad convocaron a conferencias de prensa para mostrar solidaridad hacia el Presidente. Es decir, diputados y senadores de Morena pretendieron que periodistas difundieran apoyos hacia los ataques del mandatario \u00a1<strong>en contra de periodistas<\/strong>!.<\/p>\n<p>Por ello, reporteros se han negado a hacerle preguntas a\u00a0<strong>AMLO<\/strong>\u00a0en sus ma\u00f1aneras y han realizado protestas en sus giras por el pa\u00eds.<\/p>\n<p>Todo ello porque al pretender degradar a\u00a0<strong>Loret de Mola, L\u00f3pez Obrador<\/strong>\u00a0ha arremetido de paso contra pr\u00e1cticamente todos quienes ejercen el periodismo en M\u00e9xico.<\/p>\n<p>As\u00ed, en lo que se considera ya el peor descalabro pol\u00edtico de toda su larga vida p\u00fablica, el presidente\u00a0<strong>L\u00f3pez Obrador<\/strong>\u00a0nunca quiz\u00e1 supuso que ese golpe vendr\u00eda de uno de su propia familia, de su primog\u00e9nito\u00a0<strong>Jos\u00e9 Ram\u00f3n L\u00f3pez Beltr\u00e1n<\/strong>.<\/p>\n<p>El tema es que al exhibirse los excesos en que vive su hijo en Houston, EU -con viajes en jets privados a las principales capitales del mundo y vivir en una fastuosa residencia de uno de los fraccionamientos m\u00e1s exclusivos de una de las mejores ciudades de Estados Unidos, no en una de Cuba, Bolivia, Nicaragua o Venezuela-, no en un pa\u00eds con r\u00e9gimen aliado, los postulados\u00a0<strong><em>de plena austeridad republicana, juarista, antineoliberal<\/em><\/strong>\u00a0de\u00a0<strong>AMLO<\/strong>\u00a0quedaron pulverizados.<\/p>\n<p>Y si se llega a probar, como es muy probable que ocurra, que la SEC del Departamento de Justicia de EU comprueba que ese comportamiento de jeque \u00e1rabe de\u00a0<strong>Jos\u00e9 Ram\u00f3n<\/strong>\u00a0se soporta no s\u00f3lo en el conflicto de inter\u00e9s, sino adem\u00e1s en un flujo corrupto de casi 350 millones de d\u00f3lares de Pemex a la empresa Baker Hughes, v\u00eda el uso de informaci\u00f3n privilegiada, influyente, el asunto ser\u00e1 no s\u00f3lo el \u201cWaterloo\u201d hist\u00f3rico de\u00a0<strong>AMLO<\/strong>\u00a0y su 4T, sino hasta motivo de acciones penales en contra del primog\u00e9nito y principales funcionarios de la paraestatal.<\/p>\n<p>Hoy, cada vez m\u00e1s todo eso de\u00a0<strong><em>primero los pobres<\/em><\/strong>, del\u00a0<strong><em>ir contra la corrupci\u00f3n<\/em><\/strong>\u00a0y de\u00a0<strong><em>acabar con los males del neoliberalismo<\/em><\/strong>\u00a0y la vinculaci\u00f3n de poder pol\u00edtico del poder econ\u00f3mico, ha quedado en palabras huecas,\u00a0<strong><em>puro rollo ret\u00f3rico<\/em><\/strong>, enga\u00f1o populista.<\/p>\n<p style=\"text-align: center;\"><strong>Cuauht\u00e9moc C\u00e1rdenas: <\/strong><strong>Sorprende el nivel de confrontaci\u00f3n\u00a0<\/strong><\/p>\n<p>Siempre prudente, el s\u00ed austero en todo, especialmente en sus pronunciamientos,\u00a0<strong>Cuauht\u00e9moc C\u00e1rdenas<\/strong>\u00a0se dijo sorprendido, como muchos, por el nivel de confrontaci\u00f3n alcanzado entre\u00a0<strong>Andr\u00e9s Manuel L\u00f3pez Obrador<\/strong>\u00a0y la prensa.<\/p>\n<p>\u00abHay muchas cuestiones que se podr\u00edan resolver abriendo la posibilidad de un di\u00e1logo&#8230; pero ha faltado esa voluntad\u00bb, indic\u00f3 para dejar claro que el principal responsable de esa confrontaci\u00f3n es el Presidente.<\/p>\n<p style=\"text-align: center;\"><strong>Monreal pide serenidad, conciliaci\u00f3n y unidad\u00a0<\/strong><\/p>\n<p>L\u00facido, pol\u00edtico de tiempo completo,\u00a0<strong>Ricardo Monreal,\u00a0<\/strong>llam\u00f3 ayer a lo mismo que\u00a0<strong>C\u00e1rdenas<\/strong>: Al di\u00e1logo, la serenidad, la conciliaci\u00f3n y la unidad como v\u00eda para superar cualquier desencuentro.<\/p>\n<p>Y como el mayor y m\u00e1s emblem\u00e1tico l\u00edder de la izquierda, como el michoacano, pidi\u00f3 evitar una divisi\u00f3n mayor como el primer objetivo para lograr que M\u00e9xico pueda transitar a mejores niveles de desarrollo pol\u00edtico y social.<\/p>\n<p>El llamado lo hizo el zacatecano al inaugurar la Quinta Edici\u00f3n del Taller para las Juventudes \u00ab10 por M\u00e9xico\u00bb, y ante la participaci\u00f3n de 150 j\u00f3venes, hombres y mujeres, que se capacitar\u00e1n en pol\u00edtica legislativa y parlamentaria.<\/p>\n<p>A ellos dijo, obviamente para que lo escucharan todos en el pa\u00eds:<\/p>\n<p>\u00abM\u00e9xico vive momentos cruciales, un proceso de transici\u00f3n pol\u00edtica inacabada que obviamente tiene obst\u00e1culos, intereses que se oponen, incluso frustraciones\u00bb, indic\u00f3.<\/p>\n<p><em><a href=\"mailto:rvizcainoa@gmail.com\" target=\"_blank\" rel=\"noopener noreferrer\">vizcainoa@gmail.com<\/a><br \/>\n<a href=\"http:\/\/endirecto.mx\" target=\"_blank\" rel=\"noopener noreferrer\">www.endirecto.mx<\/a><br \/>\n<a href=\"https:\/\/twitter.com\/_rvizcaino\" target=\"_blank\" rel=\"noopener noreferrer\">@_RVizcaino<\/a><br \/>\n<a href=\"https:\/\/www.facebook.com\/rvizcainoa\" target=\"_blank\" rel=\"noopener noreferrer\">facebook.com\/rvizcainoa<\/a><\/em><\/p>\n","protected":false},"excerpt":{"rendered":"<p><span style=\"color: #005497;\"><strong>Roberto Vizca\u00edno<\/strong><\/span><br \/>\n<br \/>\nNo, por m\u00e1s que abre nuevos frentes o extrapola y eleva su embate contra <strong>Carlos Loret<\/strong> y otros periodistas, el presidente <strong>Andr\u00e9s Manuel L\u00f3pez Obrador<\/strong> no logra bajar o desviar la atenci\u00f3n del esc\u00e1ndalo de conflictos de inter\u00e9s y de beneficios y financiamientos posiblemente corruptos de su hijo <strong>Jos\u00e9 Ram\u00f3n<\/strong>.<\/p>\n","protected":false},"author":3,"featured_media":0,"comment_status":"open","ping_status":"open","sticky":false,"template":"","format":"standard","meta":{"_monsterinsights_skip_tracking":false,"_monsterinsights_sitenote_active":false,"_monsterinsights_sitenote_note":"","_monsterinsights_sitenote_category":0,"footnotes":""},"categories":[136],"tags":[43674,93,94],"class_list":["post-536479","post","type-post","status-publish","format-standard","hentry","category-roberto-vizcaino-opinion","tag-opinion","tag-roberto-vizcaino","tag-tras-la-puerta-del-poder"],"_links":{"self":[{"href":"https:\/\/www.diarioimagen.net\/index.php?rest_route=\/wp\/v2\/posts\/536479","targetHints":{"allow":["GET"]}}],"collection":[{"href":"https:\/\/www.diarioimagen.net\/index.php?rest_route=\/wp\/v2\/posts"}],"about":[{"href":"https:\/\/www.diarioimagen.net\/index.php?rest_route=\/wp\/v2\/types\/post"}],"author":[{"embeddable":true,"href":"https:\/\/www.diarioimagen.net\/index.php?rest_route=\/wp\/v2\/users\/3"}],"replies":[{"embeddable":true,"href":"https:\/\/www.diarioimagen.net\/index.php?rest_route=%2Fwp%2Fv2%2Fcomments&post=536479"}],"version-history":[{"count":0,"href":"https:\/\/www.diarioimagen.net\/index.php?rest_route=\/wp\/v2\/posts\/536479\/revisions"}],"wp:attachment":[{"href":"https:\/\/www.diarioimagen.net\/index.php?rest_route=%2Fwp%2Fv2%2Fmedia&parent=536479"}],"wp:term":[{"taxonomy":"category","embeddable":true,"href":"https:\/\/www.diarioimagen.net\/index.php?rest_route=%2Fwp%2Fv2%2Fcategories&post=536479"},{"taxonomy":"post_tag","embeddable":true,"href":"https:\/\/www.diarioimagen.net\/index.php?rest_route=%2Fwp%2Fv2%2Ftags&post=536479"}],"curies":[{"name":"wp","href":"https:\/\/api.w.org\/{rel}","templated":true}]}}