{"id":536598,"date":"2022-02-21T00:02:20","date_gmt":"2022-02-21T06:02:20","guid":{"rendered":"https:\/\/www.diarioimagen.net\/?p=536598"},"modified":"2022-02-21T00:41:41","modified_gmt":"2022-02-21T06:41:41","slug":"corta-memoria-en-morena","status":"publish","type":"post","link":"https:\/\/www.diarioimagen.net\/?p=536598","title":{"rendered":"Corta memoria en Morena"},"content":{"rendered":"<h2>La Retaguardia<\/h2>\n<h5>Adriana Moreno Cordero<\/h5>\n<p>&nbsp;<\/p>\n<p>El desplegado que apareci\u00f3 la semana pasada, en el que 17 gobernadores emanados de Morena, as\u00ed como la jefa de Gobierno de la Ciudad de M\u00e9xico, <strong>Claudia Sheinbaum<\/strong>, publicaron en apoyo absoluto al presidente <strong>Andr\u00e9s Manuel L\u00f3pez Obrador<\/strong>, quien por lo dem\u00e1s, sigue envuelto en el esc\u00e1ndalo que no ha podido aclarar, el de su hijo mayor, Jos\u00e9 <strong>Ram\u00f3n L\u00f3pez Beltr\u00e1n<\/strong>, que por cierto, por las \u201cex benditas redes\u201d, agradeci\u00f3 a los funcionarios leales a su padre el apoyo, fue objeto de un nuevo enfrentamiento, esta vez, entre los leales y ciegos empleados, -porque eso es lo que son-, de Palacio Nacional y el Instituto Nacional Electoral.<\/p>\n<p>Y es que los de Morena siempre se han caracterizado por reaccionar con la v\u00edscera y no con la cabeza y la raz\u00f3n y esta vez no fue la excepci\u00f3n. As\u00ed, buen espect\u00e1culo el que ofreci\u00f3 la jefa del gobierno capitalino, que con tal de lucirse en la carrera al 2024, as\u00ed como dijo a <em>El Pa\u00eds<\/em> semanal, que ella hab\u00eda ayudado a acabar con la guerra de Vietnam (\u00bfpues que se la lleven a Ucrania, \u00bfno?), ahora, en una actitud totalmente innecesaria y protag\u00f3nica, le contesta al INE, concretamente al consejero <strong>Ciro Murayama<\/strong>, que no le quitar\u00e1n sus convicciones. A su vez, le respondi\u00f3 dicho consejero que cumplir la ley no tiene que ver con las convicciones y menos con que los del partido oficial violen la veda que ellos mismos impusieron de cara al est\u00e9ril e in\u00fatil ejercicio de la revocaci\u00f3n de mandato, o para ponerlo en palabras del doctor C\u00f3rdova, \u201cson disposiciones que el INE no decidi\u00f3, pero que est\u00e1n en la Constituci\u00f3n\u201d.<\/p>\n<p>En una actitud retadora, como si eso le fuera a dar m\u00e1s puntos en una carrera en la que irremediablemente le van ganando, la se\u00f1ora Sheinbaum Pardo convoc\u00f3 por las \u201cex benditas redes\u201d a \u201cparticipar en eso que me prohibieron hablar\u201d, l\u00e9ase, la Revocaci\u00f3n de Mandato a realizarse el 10 de abril y que los morenistas m\u00e1s radicales dicen que es ratificaci\u00f3n de mandato. \u00bfY de los muchos problemas que vive la capital de la Rep\u00fablica?, de eso s\u00ed nada.<\/p>\n<p>En base a todo lo anterior, el consejero presidente del INE, <strong>Lorenzo C\u00f3rdova Vianello<\/strong>, se\u00f1al\u00f3 a dichos gobernantes de Morena por ser desleales a la democracia. Fue el propio consejero-presidente del Instituto, quien les record\u00f3 a los del partido oficial, que fueron ellos mismos y sus r\u00e9moras, los que aprobaron en el Congreso de la Uni\u00f3n el marco legal que regula la Revocaci\u00f3n de Mandato. De esto se puede concluir que en Morena tienen muy corta memoria y est\u00e1n m\u00e1s que confundidos, en medio de sus guerras intestinas.<\/p>\n<p>Y si desde el Presidente, no tiene empacho alguno en violar la veda que sus propios legisladores impusieron, pues sus funcionarios, mucho menos.<\/p>\n<p style=\"text-align: center;\"><strong>Municiones<\/strong><\/p>\n<p>*** Cuando a inicios de la pandemia de Covid 19, el presidente L\u00f3pez Obrador dijo aquella c\u00e9lebre frase de que \u00e9sta, le ven\u00eda \u201ccomo anillo al dedo\u201d, definitivamente no midi\u00f3 los alcances de su dicho y menos por los corajes que le hacen pasar. Tiempo despu\u00e9s, en el marco del informe final de resultados de la fiscalizaci\u00f3n de la\u00a0Cuenta P\u00fablica 2020\u00a0y la tercera entrega de informes individuales, de las muchas cosas que se encontraron, se determin\u00f3 que la entrega de contratos directos a diversas instituciones de salud para la atenci\u00f3n a la emergencia sanitaria debido al coronavirus, se habr\u00edan generados posibles da\u00f1os al erario por 2 mil 728 millones\u00a0 575 mil 500 pesos, esto, en el a\u00f1o 2020, cuando se present\u00f3 la peor crisis de la pandemia, en medio del err\u00e1tico manejo que se hizo de \u00e9sta desde Palacio Nacional y de la secretar\u00eda de Salud, con el siempre brillante <strong>Hugo L\u00f3pez-Gatell<\/strong>. Por lo dem\u00e1s, es bien conocido que esa es la forma de operar de esta errada y llamada Cuarta Transformaci\u00f3n, mediante el otorgamiento de contratos directos, ojo, especialmente dirigidos a los cuates. Y por si lo anterior no resultara suficiente, en el reporte de la Cuenta P\u00fablica 2020, la Auditor\u00eda Superior de la Federaci\u00f3n, (ASF), a cargo de <strong>David Colmenares<\/strong>, hizo observaciones por un monto total de 59 millones 200 mil pesos en las obras de la refiner\u00eda de Dos Bocas.<\/p>\n<p>*** No dej\u00f3 de llamar la atenci\u00f3n que durante dicha entrega de la Cuenta P\u00fablica 2020 y Tercera Entrega del Informe de Resultados, el presidente de la Comisi\u00f3n de Vigilancia de la ASF, el priista <strong>Pablo Angulo Brice\u00f1o<\/strong>, enfatiz\u00f3 que \u201cning\u00fan servidor p\u00fablico debe sentirse amenazado ante una correcta auditor\u00eda del uso de recursos p\u00fablicos que manejan en ejercicio de sus facultades\u201d. O sea, \u00bfla detecci\u00f3n de estas irregularidades le costar\u00e1 sendo \u201cjal\u00f3n de orejas\u201d por parte del Presidente al flamante David Colmenares?<\/p>\n<p>*** Por su parte, la diputada de Morena,\u00a0<strong>Ana Ayala<\/strong>, se\u00f1al\u00f3 que desde su partido, \u201cle decimos al auditor David y a su gran equipo; que sigan adelante trabajando en su estricto apego a su autonom\u00eda\u201d. C\u00f3mo dice eso la legisladora; olvida que a su jefe le chocan los \u00f3rganos aut\u00f3nomos, mientras que por su parte el diputado panista <strong>Iv\u00e1n Arturo Rodr\u00edguez<\/strong> Rivera, cuestion\u00f3 el desempe\u00f1o de David Colmenares al frente de la Auditor\u00eda Superior de la Federaci\u00f3n (ASF), a quien acus\u00f3 de gastar 50 millones de pesos en remodelar su oficina, ceder ante las presiones del Ejecutivo y bajar sin explicaci\u00f3n auditor\u00edas programadas. Bueno, no ser\u00eda el primer funcionario de esta errada y llamada Cuarta Transformaci\u00f3n que quiere a tal grado el cambio que, llegando, llegando, demanda remodelaci\u00f3n de oficinas y muebles nuevos y hasta corren al personal. Casos hay varios<\/p>\n<p>*** A querer o no, el presidente L\u00f3pez Obrador hizo recordar a muchos cuando el ex presidente <strong>Enrique Pe\u00f1a Nieto<\/strong> -all\u00e1 por el a\u00f1o 2013- le dijo ni m\u00e1s ni menos que a <strong>Rosario Robles<\/strong>, entonces titular de la Secretar\u00eda de Desarrollo social, \u201cno est\u00e1s sola\u201d y le recomend\u00f3 aguantar las presiones. Al final de este asunto, diversos analistas coinciden en se\u00f1alar que el ex presidente de plano dej\u00f3 sola y a su suerte a Robles Berlanga. Bueno, pues el fin de semana, el de Tepetit\u00e1n estuvo por Guerrero, donde se reuni\u00f3 con su gobernadora, Evelyn Salgado, y le dijo que era una mandataria estatal \u201cde primera, es una gran gobernadora, le tenemos toda la confianza, la vamos a respaldar, a apoyar, creo que es de dominio p\u00fablico que no est\u00e1 sola, que la estamos apoyando porque gobierna para un pueblo digno\u201d. Ese respaldo, se dice por aquellas tierras, debi\u00f3 haber sido para el padre de Evelyn, es decir, el senador con licencia <strong>F\u00e9lix Salgado Macedonio<\/strong>. Por otra parte, si nos atenemos a c\u00f3mo escoge L\u00f3pez Obrador a sus gobernadores consentidos, pues entonces la gobernadora Salgado Pineda est\u00e1 \u201cen la olla\u201d, adem\u00e1s por la violencia que se vive en dicho estado en pleno Abierto Mexicano de Tenis y ah\u00ed est\u00e1 como ejemplo el flamant\u00edsimo y agresivo gobernador de Veracruz, <strong>Cuitl\u00e1huac Garc\u00eda<\/strong>, que igualmente tiene a su estado en el hervidero total.<\/p>\n<p><u><a href=\"mailto:morcora@gmail.com\" target=\"_blank\" rel=\"noopener noreferrer\"><em>morcora@gmail.com<\/em><\/a><\/u><\/p>\n","protected":false},"excerpt":{"rendered":"<p><span style=\"color: #005497;\"><strong>Adriana Moreno Cordero<\/strong><\/span><\/p>\n","protected":false},"author":3,"featured_media":0,"comment_status":"open","ping_status":"open","sticky":false,"template":"","format":"standard","meta":{"_monsterinsights_skip_tracking":false,"_monsterinsights_sitenote_active":false,"_monsterinsights_sitenote_note":"","_monsterinsights_sitenote_category":0,"footnotes":""},"categories":[69370],"tags":[69369,69368,43674],"class_list":["post-536598","post","type-post","status-publish","format-standard","hentry","category-adriana-moreno-cordero","tag-adriana-moreno-cordero","tag-la-retaguardia","tag-opinion"],"_links":{"self":[{"href":"https:\/\/www.diarioimagen.net\/index.php?rest_route=\/wp\/v2\/posts\/536598","targetHints":{"allow":["GET"]}}],"collection":[{"href":"https:\/\/www.diarioimagen.net\/index.php?rest_route=\/wp\/v2\/posts"}],"about":[{"href":"https:\/\/www.diarioimagen.net\/index.php?rest_route=\/wp\/v2\/types\/post"}],"author":[{"embeddable":true,"href":"https:\/\/www.diarioimagen.net\/index.php?rest_route=\/wp\/v2\/users\/3"}],"replies":[{"embeddable":true,"href":"https:\/\/www.diarioimagen.net\/index.php?rest_route=%2Fwp%2Fv2%2Fcomments&post=536598"}],"version-history":[{"count":0,"href":"https:\/\/www.diarioimagen.net\/index.php?rest_route=\/wp\/v2\/posts\/536598\/revisions"}],"wp:attachment":[{"href":"https:\/\/www.diarioimagen.net\/index.php?rest_route=%2Fwp%2Fv2%2Fmedia&parent=536598"}],"wp:term":[{"taxonomy":"category","embeddable":true,"href":"https:\/\/www.diarioimagen.net\/index.php?rest_route=%2Fwp%2Fv2%2Fcategories&post=536598"},{"taxonomy":"post_tag","embeddable":true,"href":"https:\/\/www.diarioimagen.net\/index.php?rest_route=%2Fwp%2Fv2%2Ftags&post=536598"}],"curies":[{"name":"wp","href":"https:\/\/api.w.org\/{rel}","templated":true}]}}