{"id":536600,"date":"2022-02-21T00:04:44","date_gmt":"2022-02-21T06:04:44","guid":{"rendered":"https:\/\/www.diarioimagen.net\/?p=536600"},"modified":"2022-02-23T00:20:02","modified_gmt":"2022-02-23T06:20:02","slug":"medios-de-comunicacion-golpistas","status":"publish","type":"post","link":"https:\/\/www.diarioimagen.net\/?p=536600","title":{"rendered":"Medios de comunicaci\u00f3n \u201cgolpistas\u201d"},"content":{"rendered":"<h2>Desde el portal<\/h2>\n<h5>\u00c1ngel Soriano<\/h5>\n<p>&nbsp;<\/p>\n<p>Sustenta el presidente Andr\u00e9s Manuel L\u00f3pez Obrador sobre la tendencia golpista de algunos medios de comunicaci\u00f3n en lo ocurrido al malogrado presidente Francisco I. Madero: La prensa mercenaria de la \u00e9poca prepar\u00f3 el terreno mediante una campa\u00f1a de calumnias y difamaciones contra el \u201cAp\u00f3stol de la democracia\u201d, antes de su sacrificio.<\/p>\n<p>El tabasque\u00f1o indic\u00f3 que el coahuilense no ten\u00eda base social o no repar\u00f3 en su importancia de la misma. Contrario a lo que ocurre en la actualidad, el Presidente de M\u00e9xico tiene una amplia base social y todo el apoyo de las Fuerzas Armadas y de las instituciones leg\u00edtimamente constituidas, por lo que esa campa\u00f1a del conservadurismo, no le ha hecho mella.<\/p>\n<p>La historia, para que no se repita, debe conocerse y adaptarse a las circunstancias cambiantes: \u00bfQu\u00e9 intereses representan o persiguen los medios golpistas? Si son los del pueblo, obvio que tendr\u00e1n el apoyo popular como ha ocurrido con la prensa que representa los intereses populares en contra de los abusos de poder o las dictaduras.<\/p>\n<p>Aqu\u00ed est\u00e1 el meollo del asunto: \u00bfTriunfar\u00e1n los intereses comerciales sobre los populares?\u00a0 Y para ello no es m\u00e1s que transparentar los asuntos p\u00fablicos y el manejo honesto de los recursos propiedad de la Naci\u00f3n, sin que estos sean acaparados por los privilegiados. Una vez enfrentados y salido a relucir que representa cada quien, el pueblo decidir\u00e1 al respecto.<\/p>\n<p style=\"text-align: center;\"><strong>Turbulencias<br \/>\nArrecia enfrentamiento Cuevas-Sheinbaum<\/strong><\/p>\n<p>\u00a0La alcaldesa de Cuauht\u00e9moc, Sandra Cuevas, asegura que en dos ocasiones que ha acudido a La Fiscal\u00eda General de Justicia de la Ciudad de M\u00e9xico se le ha negado el acceso a la carpeta de investigaci\u00f3n, contrario a lo que afirma la FGJ de que no ha ido para nada. Tambi\u00e9n es necesario transparentar el diferendo para evitar que las instituciones de impartici\u00f3n de justicia se conviertan en instrumentos de persecuci\u00f3n pol\u00edtica y no para lo que fueron creadas\u2026 La senadora Susana Harp ha recibido un amplio espaldarazo del Congreso de Oaxaca que exige se respete la equidad de g\u00e9nero y Morena le otorgue la candidatura al gobierno del estado, lo cual deber\u00e1 ser determinado por la autoridad local electoral. Avanza el tiempo y se reducen los d\u00edas de campa\u00f1a por lo que la soluci\u00f3n debe darse en los pr\u00f3ximos d\u00edas\u2026 La diputada Mariana Ben\u00edtez Tiburcio (PRI), presidenta de la Mesa Directiva del Congreso local, pidi\u00f3 que este organismo se convierta en vigilante de las actitudes del gobierno federal y se evite nuevas agresiones desde el poder central a medios y comunicadores. Est\u00e1 de moda ahora defender a medios y comunicadores, lo cual es importante porque se debe esclarecer quienes utilizan a los medios para servir a la sociedad y quienes los utilizan para ampliar sus fabulosas ganancias utiliz\u00e1ndoles como instrumentos de presi\u00f3n\u2026 En Quintana Roo se prev\u00e9 una lucha electoral interesante por la gubernatura del estado, pues tanto partidos, como la sociedad civil participan de manera directa en la selecci\u00f3n de personajes de la vida p\u00fablica que buscan el cargo, tambi\u00e9n para hacer m\u00e1s negocios en uno de los destinos tur\u00edsticos con mayor atractivo a nivel mundial. La actividad tur\u00edstica se ha convertido en la manzana de la discordia, tanto de la delincuencia de \u201ccuello blanco\u201d como la organizada, pues es una de las m\u00e1s rentables y, en consecuencia, la disputa por las plazas est\u00e1 a la orden del d\u00eda\u2026 En el D\u00eda del Ej\u00e9rcito, el presidente Andr\u00e9s Manuel L\u00f3pez Obrador hizo un amplio reconocimiento a las Fuerzas Armadas por su apoyo en la realizaci\u00f3n de las magnas obras y en la administraci\u00f3n de organismos federales que operan en el pa\u00eds y que est\u00e1n bajo su custodia. Sin su apoyo ser\u00eda dif\u00edcil consumar estos proyectos, indic\u00f3.<\/p>\n<p><u><a href=\"mailto:asorianocarrasco@yahoo.com\" target=\"_blank\" rel=\"noopener noreferrer\"><em>asorianocarrasco@yahoo.com<\/em><\/a><br \/>\n<em><a href=\"https:\/\/revistabrecha.com\" target=\"_blank\" rel=\"noopener noreferrer\">www.revistabrecha.com<\/a><br \/>\n<a href=\"https:\/\/twitter.com\/brecharevista\" target=\"_blank\" rel=\"noopener noreferrer\">@BrechaRevista<\/a><\/em><\/u><\/p>\n","protected":false},"excerpt":{"rendered":"<p><span style=\"color: #005497;\"><strong>\u00c1ngel Soriano<\/strong><\/span><\/p>\n","protected":false},"author":3,"featured_media":0,"comment_status":"open","ping_status":"open","sticky":false,"template":"","format":"standard","meta":{"_monsterinsights_skip_tracking":false,"_monsterinsights_sitenote_active":false,"_monsterinsights_sitenote_note":"","_monsterinsights_sitenote_category":0,"footnotes":""},"categories":[135],"tags":[85,86,43674],"class_list":["post-536600","post","type-post","status-publish","format-standard","hentry","category-angel-soriano-opinion","tag-angel-soriano","tag-desde-el-portal","tag-opinion"],"_links":{"self":[{"href":"https:\/\/www.diarioimagen.net\/index.php?rest_route=\/wp\/v2\/posts\/536600","targetHints":{"allow":["GET"]}}],"collection":[{"href":"https:\/\/www.diarioimagen.net\/index.php?rest_route=\/wp\/v2\/posts"}],"about":[{"href":"https:\/\/www.diarioimagen.net\/index.php?rest_route=\/wp\/v2\/types\/post"}],"author":[{"embeddable":true,"href":"https:\/\/www.diarioimagen.net\/index.php?rest_route=\/wp\/v2\/users\/3"}],"replies":[{"embeddable":true,"href":"https:\/\/www.diarioimagen.net\/index.php?rest_route=%2Fwp%2Fv2%2Fcomments&post=536600"}],"version-history":[{"count":0,"href":"https:\/\/www.diarioimagen.net\/index.php?rest_route=\/wp\/v2\/posts\/536600\/revisions"}],"wp:attachment":[{"href":"https:\/\/www.diarioimagen.net\/index.php?rest_route=%2Fwp%2Fv2%2Fmedia&parent=536600"}],"wp:term":[{"taxonomy":"category","embeddable":true,"href":"https:\/\/www.diarioimagen.net\/index.php?rest_route=%2Fwp%2Fv2%2Fcategories&post=536600"},{"taxonomy":"post_tag","embeddable":true,"href":"https:\/\/www.diarioimagen.net\/index.php?rest_route=%2Fwp%2Fv2%2Ftags&post=536600"}],"curies":[{"name":"wp","href":"https:\/\/api.w.org\/{rel}","templated":true}]}}