{"id":536602,"date":"2022-02-21T00:05:01","date_gmt":"2022-02-21T06:05:01","guid":{"rendered":"https:\/\/www.diarioimagen.net\/?p=536602"},"modified":"2022-02-21T00:46:04","modified_gmt":"2022-02-21T06:46:04","slug":"revelaciones-con-trasfondo","status":"publish","type":"post","link":"https:\/\/www.diarioimagen.net\/?p=536602","title":{"rendered":"Revelaciones con trasfondo"},"content":{"rendered":"<h2>Perfil de M\u00e9xico<\/h2>\n<h5>Armando R\u00edos Ruiz<\/h5>\n<p>&nbsp;<\/p>\n<p>Es incre\u00edble que el Presidente est\u00e9 tan ciego, que no ve lo que ocurre en el pa\u00eds, de lo que pueden resultar algunas teor\u00edas: la misma de su ceguera influida por una mentalidad de muy corto alcance. Que como siempre, no admitir\u00e1 por ning\u00fan motivo que sostiene contra viento y marea pol\u00edticas equivocadas y aberrantes. Que habla para sus chairos enamorados, ante quienes sostenerse en sus aseveraciones resulta conmovedor, convincente, palabra de dios.<\/p>\n<p>Sus amigos que tienen cargos lo secundan. Unos para presentarse a tono y continuar en sus preferencias. Otros porque no han sido tomados en cuenta para el proceso de sucesi\u00f3n y no dejar\u00e1n de hacer la lucha para desplazar a los preferidos, que est\u00e1 m\u00e1s que dif\u00edcil. Sin embargo, habr\u00e1 que hacer lo indecible hasta el \u00faltimo momento. Quien quita y los agraciados cometan errores graves y entonces puedan colarse. De no ser as\u00ed, seguro usar\u00edan su plan B, que consiste en irse a otro partido a buscar la Presidencia para 2024.<\/p>\n<p>\u00bfY por qu\u00e9 est\u00e1n indignados nuestros pol\u00edticos mexicanos aduladores del Presidente? Porque el senador republicano y M\u00e9xico-americano Ted Cruz, reprob\u00f3 desde la tribuna del senado estadounidense las acciones fallidas del que gobierna aqu\u00ed. El asunto es que s\u00f3lo dijo verdades. Nada que en M\u00e9xico no haya sido censurado desde hace mucho, por la misma prensa de nuestro pa\u00eds, que, gracias a eso, ha ganado la repulsa y la condena del gobierno.<\/p>\n<p>Recordemos que nuestro mandatario inici\u00f3 su gesti\u00f3n con denuestos para la Prensa. Contra las mujeres. Contra las instituciones. Contra las leyes. Contra el progreso que hay que sustituir con pobreza. Contra todo lo que significa avance y como contraparte, con miel para los asesinos. Para sus funcionarios corruptos. Para sus funcionarios ineficientes. Para su misma familia envuelta m\u00e1s de una vez, en actos de contundente corrupci\u00f3n.<\/p>\n<p>Cruz se refiri\u00f3 a la ruptura de la sociedad civil en M\u00e9xico. Del Estado de Derecho. A los desaf\u00edos de seguridad y peligros para la Uni\u00f3n Americana por el narcotr\u00e1fico y la inmigraci\u00f3n ilegal.<\/p>\n<p>Dijo tan grandes \u201cmentiras\u201d, como las siguientes: \u201cEl clima actual al que se enfrentan los pol\u00edticos y periodistas en M\u00e9xico es el m\u00e1s mortal de la historia. En 2020, m\u00e1s periodistas fueron asesinados en M\u00e9xico que en cualquier otro pa\u00eds del mundo. S\u00f3lo represent\u00f3 casi un tercio de los periodistas asesinados desde el inicio del proceso electoral. En septiembre de 2020 m\u00e1s de 80 pol\u00edticos fueron asesinados por delincuentes y m\u00e1s de 60 candidatos suspendieron sus campa\u00f1as bajo coacci\u00f3n.\u201d \u00bfMentira? Hasta los mismos chairos vivieron lo anterior.<\/p>\n<p>M\u00e1s de lo que dijo: \u201cEl presidente L\u00f3pez Obrador parece empe\u00f1ado en hacer que todas estas tendencias empeoren. El viernes us\u00f3 su conferencia de prensa matutina para intimidar a uno de los periodistas de alto perfil de M\u00e9xico, Carlos Loret de Mola. \u00c9l mostr\u00f3 informaci\u00f3n financiera privada y pidi\u00f3 a las autoridades investigarlo. Parece estar complaciendo el abuso de poder sin importar el efecto sobre M\u00e9xico o las relaciones entre Estados Unidos y M\u00e9xico\u201d. \u00bfMentiras? S\u00f3lo para sus focas aplaudidoras.<\/p>\n<p>Pero el Presidente descalific\u00f3 sus verdades y para variar, lo llam\u00f3 conservador al servicio de los conservadores. El mediocre embajador, Esteban Moctezuma, exhibi\u00f3 su mediocridad al invitar al embajador a conocer la realidad de M\u00e9xico, mientras Ricardo Monreal asever\u00f3 que las declaraciones de Cruz son inadmisibles, pues agreden la pol\u00edtica interna y la soberan\u00eda de nuestro pa\u00eds. \u00bfEn qu\u00e9 agreden las verdades? La pol\u00edtica de abrazos, no balazos, s\u00ed que es agresiva.<\/p>\n<p>\u00bfNo tienen raz\u00f3n los habitantes del norte, al hablar de la ausencia\u00a0 de pol\u00edticas anticrimen, que se traduce en hechos reales y en una latente amenaza para la seguridad norteamericana, prohijada por nuestros delincuentes que cada d\u00eda cobran m\u00e1s fuerza, alentados por el mismo mandatario? Hoy, los vecinos atienden un problema gigante. Ma\u00f1ana, seguro habr\u00e1 respuestas para M\u00e9xico.<\/p>\n<p><a href=\"mailto:ariosruiz@gmail.com\" target=\"_blank\" rel=\"noopener noreferrer\"><em>ariosruiz@gmail.com<\/em><\/a><\/p>\n","protected":false},"excerpt":{"rendered":"<p><span style=\"color: #005497;\"><strong>Armando R\u00edos Ruiz<\/strong><\/span><\/p>\n","protected":false},"author":3,"featured_media":0,"comment_status":"open","ping_status":"open","sticky":false,"template":"","format":"standard","meta":{"_monsterinsights_skip_tracking":false,"_monsterinsights_sitenote_active":false,"_monsterinsights_sitenote_note":"","_monsterinsights_sitenote_category":0,"footnotes":""},"categories":[88405],"tags":[88407,43674,91193],"class_list":["post-536602","post","type-post","status-publish","format-standard","hentry","category-armando-rios-ruiz","tag-armando-rios-ruiz","tag-opinion","tag-perfil-de-mexico"],"_links":{"self":[{"href":"https:\/\/www.diarioimagen.net\/index.php?rest_route=\/wp\/v2\/posts\/536602","targetHints":{"allow":["GET"]}}],"collection":[{"href":"https:\/\/www.diarioimagen.net\/index.php?rest_route=\/wp\/v2\/posts"}],"about":[{"href":"https:\/\/www.diarioimagen.net\/index.php?rest_route=\/wp\/v2\/types\/post"}],"author":[{"embeddable":true,"href":"https:\/\/www.diarioimagen.net\/index.php?rest_route=\/wp\/v2\/users\/3"}],"replies":[{"embeddable":true,"href":"https:\/\/www.diarioimagen.net\/index.php?rest_route=%2Fwp%2Fv2%2Fcomments&post=536602"}],"version-history":[{"count":0,"href":"https:\/\/www.diarioimagen.net\/index.php?rest_route=\/wp\/v2\/posts\/536602\/revisions"}],"wp:attachment":[{"href":"https:\/\/www.diarioimagen.net\/index.php?rest_route=%2Fwp%2Fv2%2Fmedia&parent=536602"}],"wp:term":[{"taxonomy":"category","embeddable":true,"href":"https:\/\/www.diarioimagen.net\/index.php?rest_route=%2Fwp%2Fv2%2Fcategories&post=536602"},{"taxonomy":"post_tag","embeddable":true,"href":"https:\/\/www.diarioimagen.net\/index.php?rest_route=%2Fwp%2Fv2%2Ftags&post=536602"}],"curies":[{"name":"wp","href":"https:\/\/api.w.org\/{rel}","templated":true}]}}