{"id":536606,"date":"2022-02-21T00:08:06","date_gmt":"2022-02-21T06:08:06","guid":{"rendered":"https:\/\/www.diarioimagen.net\/?p=536606"},"modified":"2022-02-21T00:48:53","modified_gmt":"2022-02-21T06:48:53","slug":"contener-crimenes-de-mujeres-y-jovenes","status":"publish","type":"post","link":"https:\/\/www.diarioimagen.net\/?p=536606","title":{"rendered":"Contener cr\u00edmenes de mujeres y j\u00f3venes"},"content":{"rendered":"<h2>Punto por punto<\/h2>\n<h5>Augusto Corro<\/h5>\n<p>&nbsp;<\/p>\n<p>Contener los cr\u00edmenes de mujeres y j\u00f3venes fue la demanda principal de cientos de zacatecanos el s\u00e1bado pasado en una marcha y mitin realizados en la capital de Zacatecas, como protesta contra la violencia que grupos criminales.<\/p>\n<p>Cinco j\u00f3venes fueron secuestrados y asesinados. Este hecho provoc\u00f3 la indignaci\u00f3n de los zacatecanos, que ya llevan varios meses sumidos en un sinn\u00famero de hechos criminales.<\/p>\n<p>El s\u00e1bado 12 de febrero fueron privados de su libertad Alexis Monserrath Abrego Esqueda, de 25 a\u00f1os; Irving Castor Reyes, de 21; Natalio Torres Balderas, de 21; Luis Angel Manzanares Cortes, de 25; y Valeria Landeros Calder\u00f3n, de 24 a\u00f1os.<\/p>\n<p>Los cuatro primeros aparecieron asesinados a las pocas horas del secuestro. Solo faltaba Valeria, quien apareci\u00f3 sin vida siete d\u00edas despu\u00e9s.<\/p>\n<p>Los zacatecanos son v\u00edctimas de la guerra de la delincuencia organizada en la que participan el C\u00e1rtel Jalisco Nueva Generaci\u00f3n (CJNG) y el C\u00e1rtel de Sinaloa.<\/p>\n<p>La muerte de la joven Valeria Landeros motiv\u00f3 que los colectivos feministas se organizaran nuevamente para movilizarse. Zacatecas ocupa el segundo lugar per c\u00e1pita en homicidios dolosos contra mujeres; en promedio, al mes, son asesinadas 12.5 mujeres.<\/p>\n<p>Las autoridades informaron que se encuentran detenidas cinco personas por su probable participaci\u00f3n en el secuestro y asesinato de los cinco j\u00f3venes.<\/p>\n<p>El s\u00e1bado, anteayer, fue encontrado el cuerpo de una mujer con visibles huellas de tortura e impactos de bala en la cabeza. El hecho se registr\u00f3 en la comunidad de Santa M\u00f3nica, en el municipio de Guadalupe.<\/p>\n<p>Las estad\u00edsticas revelan que en los dos \u00faltimos a\u00f1os se dispararon los homicidios contra mujeres: en 2020 se contabilizaron 94 y en 2021 lleg\u00f3 a 156.<\/p>\n<p style=\"text-align: center;\"><strong>\u00bfQui\u00e9n vigila en las carreteras?<\/strong><\/p>\n<p>En las carreteras de M\u00e9xico se multiplican los asaltos y los accidentes.<\/p>\n<p>El s\u00e1bado, alrededor de veinte personas resultaron lesionadas por el choque de un cami\u00f3n de pasajeros contra un veh\u00edculo.<\/p>\n<p>El accidente ocurri\u00f3 en la autopista M\u00e9xico-Pachuca a la altura del kil\u00f3metro 16.<\/p>\n<p>El autob\u00fas de la l\u00ednea San Pedro-Santa Clara, seg\u00fan testigos, era conducido con exceso de velocidad.<\/p>\n<p>Por otra parte, la delincuencia organizada busca ahora saquear los camiones que transportan productos alimenticios.<\/p>\n<p>Por ejemplo, creci\u00f3 el n\u00famero de asaltos en los caminos donde circulan las unidades con limones, aguacates hasta abarrotes y vinos.<\/p>\n<p>Por otra parte, los tr\u00e1ileres son utilizados por las mafias de polleros y \u201ccoyotes\u201d para transportar a cientos de indocumentados.<\/p>\n<p>Claro que los riesgos de perder la vida son muchos, pero los migrantes ilegales est\u00e1n dispuestos a jugarse la vida para llegar a Estados Unidos.<\/p>\n<p>Esos viajes clandestinos dif\u00edcilmente se descubren. En los accidentes de los veh\u00edculos con indocumentados es cuando se conocen esas acciones peligrosas.<\/p>\n<p>Ante esa criminalidad en las carreteras, \u00bfqui\u00e9n vigila las carreteras para brindar seguridad? Los accidentes son constantes; los asaltos tambi\u00e9n se repiten; y el transporte ilegal de migrantes no cesa.<\/p>\n<p style=\"text-align: center;\"><strong>Movimiento Ciudadano<\/strong><\/p>\n<p>Vamos a referirnos al caso de Roberto Palazuelos precandidato fallido del partido Movimiento Ciudadano (MC) a la gubernatura de Quintana Roo.<\/p>\n<p>Un sujeto tan desprestigiado se autodescalific\u00f3 con sus declaraciones en programas de televisi\u00f3n que promueven el esc\u00e1ndalo. No ser\u00e1 el aspirante del MC a ocupar el cargo de gobernador.<\/p>\n<p>Coment\u00f3 p\u00fablicamente parte de su vida con hechos que van desde el uso de recursos p\u00fablicos, sin ser funcionario, hasta su presunta responsabilidad de matar a una persona.<\/p>\n<p>Con toda esa carga de desprestigio se pavoneaba de representar a Movimiento Ciudadano en la lucha pol\u00edtica de Quintana Roo.<\/p>\n<p>Alguien aconsej\u00f3 al due\u00f1o del partido, Dante Delgado, que no le ir\u00eda bien la candidatura del impresentable Roberto Palazuelos.<\/p>\n<p>Dante corrigi\u00f3 la plana y orden\u00f3 que en lugar del artista, empresario y eg\u00f3latra, fuera un pol\u00edtico de Morena el que lo sustituyera.<\/p>\n<p>As\u00ed pues, Roberto Palazuelos fue bajado de la candidatura, hecho que, sin duda alguna, fue bien recibido por los quintanarroenses.<\/p>\n<p>\u00bfUsted qu\u00e9 opina amable lector?<\/p>\n<p><a href=\"mailto:aco2742@hotmail.com\" target=\"_blank\" rel=\"noopener noreferrer\"><em>aco2742@hotmail.com<\/em><\/a><\/p>\n","protected":false},"excerpt":{"rendered":"<p><span style=\"color: #005497;\"><strong>Augusto Corro<\/strong><\/span><\/p>\n","protected":false},"author":3,"featured_media":0,"comment_status":"open","ping_status":"open","sticky":false,"template":"","format":"standard","meta":{"_monsterinsights_skip_tracking":false,"_monsterinsights_sitenote_active":false,"_monsterinsights_sitenote_note":"","_monsterinsights_sitenote_category":0,"footnotes":""},"categories":[157],"tags":[43686,43674,11515],"class_list":["post-536606","post","type-post","status-publish","format-standard","hentry","category-augusto-corro","tag-augusto-corro","tag-opinion","tag-punto-por-punto"],"_links":{"self":[{"href":"https:\/\/www.diarioimagen.net\/index.php?rest_route=\/wp\/v2\/posts\/536606","targetHints":{"allow":["GET"]}}],"collection":[{"href":"https:\/\/www.diarioimagen.net\/index.php?rest_route=\/wp\/v2\/posts"}],"about":[{"href":"https:\/\/www.diarioimagen.net\/index.php?rest_route=\/wp\/v2\/types\/post"}],"author":[{"embeddable":true,"href":"https:\/\/www.diarioimagen.net\/index.php?rest_route=\/wp\/v2\/users\/3"}],"replies":[{"embeddable":true,"href":"https:\/\/www.diarioimagen.net\/index.php?rest_route=%2Fwp%2Fv2%2Fcomments&post=536606"}],"version-history":[{"count":0,"href":"https:\/\/www.diarioimagen.net\/index.php?rest_route=\/wp\/v2\/posts\/536606\/revisions"}],"wp:attachment":[{"href":"https:\/\/www.diarioimagen.net\/index.php?rest_route=%2Fwp%2Fv2%2Fmedia&parent=536606"}],"wp:term":[{"taxonomy":"category","embeddable":true,"href":"https:\/\/www.diarioimagen.net\/index.php?rest_route=%2Fwp%2Fv2%2Fcategories&post=536606"},{"taxonomy":"post_tag","embeddable":true,"href":"https:\/\/www.diarioimagen.net\/index.php?rest_route=%2Fwp%2Fv2%2Ftags&post=536606"}],"curies":[{"name":"wp","href":"https:\/\/api.w.org\/{rel}","templated":true}]}}